{"id":6267,"date":"2024-07-26T00:20:23","date_gmt":"2024-07-25T22:20:23","guid":{"rendered":"https:\/\/www.karl-may.berlin\/wordpress\/?p=6267"},"modified":"2025-12-12T00:14:42","modified_gmt":"2025-12-11T23:14:42","slug":"bibliografische-nachtraege-5","status":"publish","type":"post","link":"https:\/\/www.karl-may.berlin\/wordpress\/archive\/6267","title":{"rendered":"Bibliografische Nachtr\u00e4ge (5)"},"content":{"rendered":"\n<h2 class=\"wp-block-heading\" id=\"block-499b0a77-c13b-439c-94bc-90a5d5e87d15\">\u201eNicht bei <a href=\"https:\/\/www.karl-may.berlin\/wordpress\/wp-admin\/post.php?post=2528&amp;action=edit#lit-plaul\">Plaul<\/a>\u201c \u2013 Leseproben<\/h2>\n\n\n\n<p id=\"block-6a79629f-8bc0-4ac9-aa2e-3ea0b959a527\">Stand: 28.\u202f07.\u202f2024 (40 Nachtr\u00e4ge) <br>Gesamtzahl der Neufunde: 302<\/p>\n\n\n\n<figure class=\"wp-block-table is-style-regular\"><table><tbody><tr><td>Teil 1: <a href=\"https:\/\/www.karl-may.berlin\/wordpress\/archive\/2528\">Belletristik<\/a><\/td><td>Teil 2: <a href=\"https:\/\/www.karl-may.berlin\/wordpress\/archive\/6228\">Gedichte<\/a><\/td><td>Teil 3: <a href=\"https:\/\/www.karl-may.berlin\/wordpress\/archive\/6239\">Essays<\/a><\/td><td>Teil 4: <a href=\"https:\/\/www.karl-may.berlin\/wordpress\/archive\/6245\">Propaganda\/Polemik<\/a><\/td><\/tr><\/tbody><\/table><\/figure>\n\n\n\n<h3 class=\"wp-block-heading mt10\">K<\/h3>\n\n\n\n<div class=\"wp-block-otfm-box-spoiler-start otfm-sp__wrapper otfm-sp__box js-otfm-sp-box__closed otfm-sp__bdcebe\" role=\"button\" tabindex=\"0\" aria-expanded=\"false\" data-otfm-spc=\"#bdcebe\" style=\"text-align:left\"><div class=\"otfm-sp__title\"><strong>Der Kutb.<\/strong> In: <em>Augsburger Postzeitung.<\/em> 1894.<\/div><\/div>\n\n\n\n<div style=\"height:10px\" aria-hidden=\"true\" class=\"wp-block-spacer\"><\/div>\n\n\n\n<p class=\"has-medium-font-size\">Titelaufnahme:<\/p>\n\n\n\n<figure class=\"wp-block-image size-full is-resized is-style-default fl mt0\"><a href=\"https:\/\/www.karl-may.berlin\/wordpress\/wp-content\/uploads\/2024\/07\/2528-kutb-augsburg.jpg\"><img loading=\"lazy\" decoding=\"async\" width=\"594\" height=\"1200\" src=\"https:\/\/www.karl-may.berlin\/wordpress\/wp-content\/uploads\/2024\/07\/2528-kutb-augsburg.jpg\" alt=\"Kutb Augsburg\" class=\"wp-image-7020\" style=\"width:300px\" srcset=\"https:\/\/www.karl-may.berlin\/wordpress\/wp-content\/uploads\/2024\/07\/2528-kutb-augsburg.jpg 594w, https:\/\/www.karl-may.berlin\/wordpress\/wp-content\/uploads\/2024\/07\/2528-kutb-augsburg-149x300.jpg 149w, https:\/\/www.karl-may.berlin\/wordpress\/wp-content\/uploads\/2024\/07\/2528-kutb-augsburg-507x1024.jpg 507w\" sizes=\"auto, (max-width: 594px) 100vw, 594px\" \/><\/a><figcaption class=\"wp-element-caption\">Annonce mit Leseprobe<\/figcaption><\/figure>\n\n\n\n<figure class=\"wp-block-table bibliografie zelle1 is-style-regular\"><table><tbody><tr><td>Autor:<\/td><td>Karl [Friedrich] May<\/td><\/tr><tr><td>Titel:<\/td><td>Der Kutb.<\/td><\/tr><tr><td>Untertitel:<\/td><td>Reiseerz\u00e4hlung von Dr. Karl May.<\/td><\/tr><tr><td>Erschienen:<\/td><td>11. August 1894<\/td><\/tr><tr><td>Digitalisat:<\/td><td><a href=\"https:\/\/www.digitale-sammlungen.de\/de\/view\/bsb11484146?page=287\" target=\"_blank\" rel=\"noreferrer noopener\">M\u00fcnchener DigitalisierungsZentrum<\/a><\/td><\/tr><tr><td>Bemerkung:<\/td><td><em>Leseprobe als Werbung f\u00fcr den Jahrgang 1895 von \u201eBenziger\u2019s Marien-Kalender\u201c.<\/em><\/td><\/tr><\/tbody><\/table><\/figure>\n\n\n\n<div style=\"height:1px\" aria-hidden=\"true\" class=\"wp-block-spacer\"><\/div>\n\n\n\n<p class=\"has-medium-font-size\">Seite 7 in Nr. 184. von:<\/p>\n\n\n\n<figure class=\"wp-block-image size-full is-style-default\"><a href=\"https:\/\/www.karl-may.berlin\/wordpress\/wp-content\/uploads\/2024\/07\/2528-postzeitung-kutb-TK.jpg\"><img loading=\"lazy\" decoding=\"async\" width=\"1800\" height=\"505\" src=\"https:\/\/www.karl-may.berlin\/wordpress\/wp-content\/uploads\/2024\/07\/2528-postzeitung-kutb-TK.jpg\" alt=\"Augsburger Postzeitung 1894 TK\" class=\"wp-image-7021\" srcset=\"https:\/\/www.karl-may.berlin\/wordpress\/wp-content\/uploads\/2024\/07\/2528-postzeitung-kutb-TK.jpg 1800w, https:\/\/www.karl-may.berlin\/wordpress\/wp-content\/uploads\/2024\/07\/2528-postzeitung-kutb-TK-300x84.jpg 300w, https:\/\/www.karl-may.berlin\/wordpress\/wp-content\/uploads\/2024\/07\/2528-postzeitung-kutb-TK-1024x287.jpg 1024w, https:\/\/www.karl-may.berlin\/wordpress\/wp-content\/uploads\/2024\/07\/2528-postzeitung-kutb-TK-768x215.jpg 768w, https:\/\/www.karl-may.berlin\/wordpress\/wp-content\/uploads\/2024\/07\/2528-postzeitung-kutb-TK-1536x431.jpg 1536w\" sizes=\"auto, (max-width: 1800px) 100vw, 1800px\" \/><\/a><figcaption class=\"wp-element-caption\">Titelkopf<\/figcaption><\/figure>\n\n\n\n<figure class=\"wp-block-table bibliografie zelle1 is-style-regular\"><table><tbody><tr><td>Titelkopf:<\/td><td>Augsburger Postzeitung.<\/td><\/tr><tr><td>Redaktion:<\/td><td>Verantwortlicher Redacteur: Phil[ipp] Frick in Augsburg<\/td><\/tr><tr><td>Jahrgang:<\/td><td>208. Jahrgang.<\/td><\/tr><tr><td>Turnus:<\/td><td>erscheint t\u00e4glich mit Ausnahme der Sonn- und hohen Festtage.<\/td><\/tr><tr><td>Ort:<\/td><td>Augsburg<\/td><\/tr><tr><td>Verlag:<\/td><td>Verlag des Literarischen Instituts von [Adolf] Haas &amp; [Josef] Grabherr. (Vorbesitzer Dr. M[ax] Huttler).<\/td><\/tr><tr><td>Druck:<\/td><td>Druck des Literarischen Instituts von [Adolf] Haas &amp; [Josef] Grabherr in Augsburg. (Vorbesitzer Dr. M[ax] Huttler).<\/td><\/tr><tr><td>Erschienen:<\/td><td>Samstag 11. August 1894.<\/td><\/tr><tr><td>Format:<\/td><td>2\u00ba (Folio)<\/td><\/tr><\/tbody><\/table><\/figure>\n\n\n\n<div class=\"isbnissn\">\u2039ISSN 0170-5105\u203a<\/div>\n\n\n\n<p class=\"literaturverzeichnis has-medium-font-size\"><span class=\"harvard\">Referenzartikel<\/span> Martin Schulz: \u201eZufall oder Schickung?\u201c \u00b7 Werbung mit einem Textschnipsel (II). In: Karl May in Leipzig \u00b7 35. Jahrgang, Nr. 137. Leipzig, Freundeskreis Karl May Leipzig, Juni 2024; S. 8\u201310.<\/p>\n\n\n\n<div style=\"height:60px\" aria-hidden=\"true\" class=\"wp-block-spacer\"><\/div>\n\n\n\n<div class=\"wp-block-otfm-box-spoiler-end otfm-sp_end\"><\/div>\n\n\n\n<div class=\"wp-block-otfm-box-spoiler-start otfm-sp__wrapper otfm-sp__box js-otfm-sp-box__closed otfm-sp__bdcebe\" role=\"button\" tabindex=\"0\" aria-expanded=\"false\" data-otfm-spc=\"#bdcebe\" style=\"text-align:left\"><div class=\"otfm-sp__title\"><strong>Der Kutb.<\/strong> In: <em>Bamberger Volksblatt.<\/em> 1894.<\/div><\/div>\n\n\n\n<div style=\"height:10px\" aria-hidden=\"true\" class=\"wp-block-spacer\"><\/div>\n\n\n\n<p class=\"has-medium-font-size\">Titelaufnahme:<\/p>\n\n\n\n<figure class=\"wp-block-image size-full is-resized is-style-default fl mt0\"><a href=\"https:\/\/www.karl-may.berlin\/wordpress\/wp-content\/uploads\/2024\/07\/2828-kutb-bamberg.jpg\"><img loading=\"lazy\" decoding=\"async\" width=\"593\" height=\"1200\" src=\"https:\/\/www.karl-may.berlin\/wordpress\/wp-content\/uploads\/2024\/07\/2828-kutb-bamberg.jpg\" alt=\"Kutb Bamberg\" class=\"wp-image-7054\" style=\"width:300px\" srcset=\"https:\/\/www.karl-may.berlin\/wordpress\/wp-content\/uploads\/2024\/07\/2828-kutb-bamberg.jpg 593w, https:\/\/www.karl-may.berlin\/wordpress\/wp-content\/uploads\/2024\/07\/2828-kutb-bamberg-148x300.jpg 148w, https:\/\/www.karl-may.berlin\/wordpress\/wp-content\/uploads\/2024\/07\/2828-kutb-bamberg-506x1024.jpg 506w\" sizes=\"auto, (max-width: 593px) 100vw, 593px\" \/><\/a><figcaption class=\"wp-element-caption\">Annonce mit Leseprobe<\/figcaption><\/figure>\n\n\n\n<figure class=\"wp-block-table bibliografie zelle1 is-style-regular\"><table><tbody><tr><td>Autor:<\/td><td>Karl [Friedrich] May<\/td><\/tr><tr><td>Titel:<\/td><td>Der Kutb.<\/td><\/tr><tr><td>Untertitel:<\/td><td>Reiseerz\u00e4hlung von Dr. Karl May.<\/td><\/tr><tr><td>Erschienen [1]:<\/td><td>11. August 1894<\/td><\/tr><tr><td>Digitalisat [1]:<\/td><td><a href=\"https:\/\/www.digitale-sammlungen.de\/de\/view\/bsb11483549?page=149\" target=\"_blank\" rel=\"noreferrer noopener\">M\u00fcnchener DigitalisierungsZentrum<\/a><\/td><\/tr><tr><td>Erschienen [2]:<\/td><td>18. August 1894<\/td><\/tr><tr><td>Digitalisat [2]:<\/td><td><a href=\"https:\/\/www.digitale-sammlungen.de\/de\/view\/bsb11483549?page=169\" target=\"_blank\" rel=\"noreferrer noopener\">M\u00fcnchener DigitalisierungsZentrum<\/a><\/td><\/tr><tr><td>Bemerkung:<\/td><td><em>Leseprobe als Werbung f\u00fcr den Jahrgang 1895 von \u201eBenziger\u2019s Marien-Kalender\u201c.<\/em><\/td><\/tr><\/tbody><\/table><\/figure>\n\n\n\n<div style=\"height:1px\" aria-hidden=\"true\" class=\"wp-block-spacer\"><\/div>\n\n\n\n<p class=\"has-medium-font-size\">Seite (3) in Nr. 181. <em>und<\/em> Nr. 186. von:<\/p>\n\n\n\n<figure class=\"wp-block-image size-full is-style-default\"><a href=\"https:\/\/www.karl-may.berlin\/wordpress\/wp-content\/uploads\/2024\/07\/2828-bamberger-vb1894-TK.jpg\"><img loading=\"lazy\" decoding=\"async\" width=\"1800\" height=\"609\" src=\"https:\/\/www.karl-may.berlin\/wordpress\/wp-content\/uploads\/2024\/07\/2828-bamberger-vb1894-TK.jpg\" alt=\"Bamberger Volksblatt 1894 TK\" class=\"wp-image-7053\" srcset=\"https:\/\/www.karl-may.berlin\/wordpress\/wp-content\/uploads\/2024\/07\/2828-bamberger-vb1894-TK.jpg 1800w, https:\/\/www.karl-may.berlin\/wordpress\/wp-content\/uploads\/2024\/07\/2828-bamberger-vb1894-TK-300x102.jpg 300w, https:\/\/www.karl-may.berlin\/wordpress\/wp-content\/uploads\/2024\/07\/2828-bamberger-vb1894-TK-1024x346.jpg 1024w, https:\/\/www.karl-may.berlin\/wordpress\/wp-content\/uploads\/2024\/07\/2828-bamberger-vb1894-TK-768x260.jpg 768w, https:\/\/www.karl-may.berlin\/wordpress\/wp-content\/uploads\/2024\/07\/2828-bamberger-vb1894-TK-1536x520.jpg 1536w\" sizes=\"auto, (max-width: 1800px) 100vw, 1800px\" \/><\/a><figcaption class=\"wp-element-caption\">Titelkopf<\/figcaption><\/figure>\n\n\n\n<figure class=\"wp-block-table bibliografie zelle1 is-style-regular\"><table><tbody><tr><td>Titelkopf:<\/td><td>Bamberger Volksblatt.<\/td><\/tr><tr><td>Untertitel:<\/td><td>W\u00f6chentlich eine Gratis-Unterhaltungsbeilage: \u201eDas Sonntagsblatt\u201c.<\/td><\/tr><tr><td>Herausgeber:<\/td><td>Verantwortlicher Redakteur und Herausgeber: Paul Franke.<\/td><\/tr><tr><td>Jahrgang:<\/td><td>22. Jahrg[ang].<\/td><\/tr><tr><td>Turnus:<\/td><td>Erscheint t\u00e4glich mit Ausnahme der Sonn- und Feiertage<\/td><\/tr><tr><td>Ort:<\/td><td>Bamberg<\/td><\/tr><tr><td>Verlag:<\/td><td>Verlag von Paul Franke<\/td><\/tr><tr><td>Druck:<\/td><td>Druck von Paul Franke in Bamberg, fr\u00fch[er] Kath[olische] Genossenschafts-Druckerei.<\/td><\/tr><tr><td>Erschienen:<\/td><td>Samstag, den 11. August 1894. Susanna. <em>und<\/em> Samstag, den 18. August 1894. Helena.<\/td><\/tr><tr><td>Format:<\/td><td>4\u00ba (Quarto)<\/td><\/tr><\/tbody><\/table><\/figure>\n\n\n\n<div class=\"isbnissn\">\u2039ISSN 0170-5105\u203a<\/div>\n\n\n\n<p class=\"literaturverzeichnis has-medium-font-size\"><span class=\"harvard\">Referenzartikel<\/span> Martin Schulz: \u201eZufall oder Schickung?\u201c \u00b7 Werbung mit einem Textschnipsel (II). In: Karl May in Leipzig \u00b7 35. Jahrgang, Nr. 137. Leipzig, Freundeskreis Karl May Leipzig, Juni 2024; S. 8\u201310.<\/p>\n\n\n\n<div style=\"height:60px\" aria-hidden=\"true\" class=\"wp-block-spacer\"><\/div>\n\n\n\n<div class=\"wp-block-otfm-box-spoiler-end otfm-sp_end\"><\/div>\n\n\n\n<div class=\"wp-block-otfm-box-spoiler-start otfm-sp__wrapper otfm-sp__box js-otfm-sp-box__closed otfm-sp__bdcebe\" role=\"button\" tabindex=\"0\" aria-expanded=\"false\" data-otfm-spc=\"#bdcebe\" style=\"text-align:left\"><div class=\"otfm-sp__title\"><strong>Der Kutb.<\/strong> In: <em>Bensberg-Gladbacher Anzeiger.<\/em> 1894.<\/div><\/div>\n\n\n\n<div style=\"height:10px\" aria-hidden=\"true\" class=\"wp-block-spacer\"><\/div>\n\n\n\n<p class=\"has-medium-font-size\">Titelaufnahme:<\/p>\n\n\n\n<figure class=\"wp-block-image size-full is-resized is-style-default fl\"><a href=\"https:\/\/www.karl-may.berlin\/wordpress\/wp-content\/uploads\/2024\/07\/2528-kutb-bensberg.jpg\"><img loading=\"lazy\" decoding=\"async\" width=\"519\" height=\"1200\" src=\"https:\/\/www.karl-may.berlin\/wordpress\/wp-content\/uploads\/2024\/07\/2528-kutb-bensberg.jpg\" alt=\"Kutb Bensberg\" class=\"wp-image-7127\" style=\"width:300px\" srcset=\"https:\/\/www.karl-may.berlin\/wordpress\/wp-content\/uploads\/2024\/07\/2528-kutb-bensberg.jpg 519w, https:\/\/www.karl-may.berlin\/wordpress\/wp-content\/uploads\/2024\/07\/2528-kutb-bensberg-130x300.jpg 130w, https:\/\/www.karl-may.berlin\/wordpress\/wp-content\/uploads\/2024\/07\/2528-kutb-bensberg-443x1024.jpg 443w\" sizes=\"auto, (max-width: 519px) 100vw, 519px\" \/><\/a><figcaption class=\"wp-element-caption\">Annonce mit Leseprobe<\/figcaption><\/figure>\n\n\n\n<figure class=\"wp-block-table bibliografie zelle1 is-style-regular\"><table><tbody><tr><td>Autor:<\/td><td>Karl [Friedrich] May<\/td><\/tr><tr><td>Titel:<\/td><td>Der Kutb.<\/td><\/tr><tr><td>Untertitel:<\/td><td>Reiseerz\u00e4hlung von Dr. Karl May.<\/td><\/tr><tr><td>Erschienen:<\/td><td>25. August 1894<\/td><\/tr><tr><td>Digitalisat:<\/td><td><a href=\"https:\/\/zeitpunkt.nrw\/ulbbn\/periodical\/zoom\/3048494\" target=\"_blank\" rel=\"noreferrer noopener\">Zeitpunkt NRW<\/a><\/td><\/tr><tr><td>Bemerkung:<\/td><td><em>Leseprobe als Werbung f\u00fcr den Jahrgang 1895 von \u201eBenziger\u2019s Marien-Kalender\u201c.<\/em><\/td><\/tr><\/tbody><\/table><\/figure>\n\n\n\n<div style=\"height:1px\" aria-hidden=\"true\" class=\"wp-block-spacer\"><\/div>\n\n\n\n<p class=\"has-medium-font-size\">Seite (2) in \u2116 68. von:<\/p>\n\n\n\n<figure class=\"wp-block-image size-full is-style-default\"><a href=\"https:\/\/www.karl-may.berlin\/wordpress\/wp-content\/uploads\/2024\/07\/2528-bensberger-TK.jpg\"><img loading=\"lazy\" decoding=\"async\" width=\"1878\" height=\"474\" src=\"https:\/\/www.karl-may.berlin\/wordpress\/wp-content\/uploads\/2024\/07\/2528-bensberger-TK.jpg\" alt=\"Bensberg TK\" class=\"wp-image-7126\" srcset=\"https:\/\/www.karl-may.berlin\/wordpress\/wp-content\/uploads\/2024\/07\/2528-bensberger-TK.jpg 1878w, https:\/\/www.karl-may.berlin\/wordpress\/wp-content\/uploads\/2024\/07\/2528-bensberger-TK-300x76.jpg 300w, https:\/\/www.karl-may.berlin\/wordpress\/wp-content\/uploads\/2024\/07\/2528-bensberger-TK-1024x258.jpg 1024w, https:\/\/www.karl-may.berlin\/wordpress\/wp-content\/uploads\/2024\/07\/2528-bensberger-TK-768x194.jpg 768w, https:\/\/www.karl-may.berlin\/wordpress\/wp-content\/uploads\/2024\/07\/2528-bensberger-TK-1536x388.jpg 1536w\" sizes=\"auto, (max-width: 1878px) 100vw, 1878px\" \/><\/a><figcaption class=\"wp-element-caption\">Titelkopf<\/figcaption><\/figure>\n\n\n\n<figure class=\"wp-block-table bibliografie zelle1 is-style-regular\"><table><tbody><tr><td>Titelkopf:<\/td><td>Bensberg=Gladbacher Anzeiger.<\/td><\/tr><tr><td>Untertitel [1]:<\/td><td>(Volksblatt f\u00fcr die bergische Gegend.)<\/td><\/tr><tr><td>Untertitel [2]:<\/td><td>Mit der Sonntagsbeilage \u201eIllustrirtes Unterhaltungsblatt\u201c.<\/td><\/tr><tr><td>Redaktion:<\/td><td>Redaction v[on] J[oseph] Haake, Bensberg<\/td><\/tr><tr><td>Jahrgang:<\/td><td>XXIX. Jahrgang.<\/td><\/tr><tr><td>Turnus:<\/td><td>Erscheint Mittwochs und Samstags<\/td><\/tr><tr><td>Ort:<\/td><td>Bensberg<\/td><\/tr><tr><td>Verlag:<\/td><td>Verlag von  J[oseph] Haake.<\/td><\/tr><tr><td>Druck:<\/td><td>Druck von K[arl] W[ilhelm] Haake, Bensberg<\/td><\/tr><tr><td>Erschienen:<\/td><td>Samstag, den 25. August 1894.<\/td><\/tr><tr><td>Format:<\/td><td>Gr.-2\u00ba (Gro\u00dffolio)<\/td><\/tr><\/tbody><\/table><\/figure>\n\n\n\n<div class=\"isbnissn\">\u2039ISSN 0170-5105\u203a<\/div>\n\n\n\n<p class=\"literaturverzeichnis has-medium-font-size\"><span class=\"harvard\">Referenzartikel<\/span> Martin Schulz: \u201eZufall oder Schickung?\u201c \u00b7 Werbung mit einem Textschnipsel (II). In: Karl May in Leipzig \u00b7 35. Jahrgang, Nr. 137. Leipzig, Freundeskreis Karl May Leipzig, Juni 2024; S. 8\u201310.<\/p>\n\n\n\n<div style=\"height:60px\" aria-hidden=\"true\" class=\"wp-block-spacer\"><\/div>\n\n\n\n<div class=\"wp-block-otfm-box-spoiler-end otfm-sp_end\"><\/div>\n\n\n\n<div class=\"wp-block-otfm-box-spoiler-start otfm-sp__wrapper otfm-sp__box js-otfm-sp-box__closed otfm-sp__bdcebe\" role=\"button\" tabindex=\"0\" aria-expanded=\"false\" data-otfm-spc=\"#bdcebe\" style=\"text-align:left\"><div class=\"otfm-sp__title\"><strong>Der Kutb.<\/strong> [f\u00e4lschlich: Der Kutl.] In: <em>Bonner Volkszeitung.<\/em> 1894.<\/div><\/div>\n\n\n\n<div style=\"height:10px\" aria-hidden=\"true\" class=\"wp-block-spacer\"><\/div>\n\n\n\n<p class=\"has-medium-font-size\">Titelaufnahme:<\/p>\n\n\n\n<figure class=\"wp-block-image size-full is-resized is-style-default fl mt0\"><a href=\"https:\/\/www.karl-may.berlin\/wordpress\/wp-content\/uploads\/2024\/07\/2528-kutb-bonn.jpg\"><img loading=\"lazy\" decoding=\"async\" width=\"430\" height=\"1025\" src=\"https:\/\/www.karl-may.berlin\/wordpress\/wp-content\/uploads\/2024\/07\/2528-kutb-bonn.jpg\" alt=\"Kutb Bonn\" class=\"wp-image-7080\" style=\"width:300px\" srcset=\"https:\/\/www.karl-may.berlin\/wordpress\/wp-content\/uploads\/2024\/07\/2528-kutb-bonn.jpg 430w, https:\/\/www.karl-may.berlin\/wordpress\/wp-content\/uploads\/2024\/07\/2528-kutb-bonn-126x300.jpg 126w\" sizes=\"auto, (max-width: 430px) 100vw, 430px\" \/><\/a><figcaption class=\"wp-element-caption\">Annonce mit Leseprobe<\/figcaption><\/figure>\n\n\n\n<figure class=\"wp-block-table bibliografie zelle1 is-style-regular\"><table><tbody><tr><td>Autor:<\/td><td>Karl [Friedrich] May<\/td><\/tr><tr><td>Titel:<\/td><td>Der Kutl. [vielmehr: Der Kutb.]<\/td><\/tr><tr><td>Untertitel:<\/td><td>Reiseerz\u00e4hlung von Dr. Karl May.<\/td><\/tr><tr><td>Erschienen:<\/td><td>19. August 1894<\/td><\/tr><tr><td>Digitalisat:<\/td><td><a href=\"https:\/\/zeitpunkt.nrw\/ulbbn\/periodical\/zoom\/2611528\" target=\"_blank\" rel=\"noreferrer noopener\">Zeitpunkt NRW<\/a><\/td><\/tr><tr><td>Bemerkung:<\/td><td><em>Leseprobe als Werbung f\u00fcr den Jahrgang 1895 von \u201eBenziger\u2019s Marien-Kalender\u201c.<\/em><\/td><\/tr><\/tbody><\/table><\/figure>\n\n\n\n<div style=\"height:1px\" aria-hidden=\"true\" class=\"wp-block-spacer\"><\/div>\n\n\n\n<p class=\"has-medium-font-size\">Seite (2) in Nr. 224. von:<\/p>\n\n\n\n<figure class=\"wp-block-image size-full is-style-default\"><a href=\"https:\/\/www.karl-may.berlin\/wordpress\/wp-content\/uploads\/2024\/07\/2528-bonner-vz-TK.jpg\"><img loading=\"lazy\" decoding=\"async\" width=\"1695\" height=\"314\" src=\"https:\/\/www.karl-may.berlin\/wordpress\/wp-content\/uploads\/2024\/07\/2528-bonner-vz-TK.jpg\" alt=\"Bonner VZ TK\" class=\"wp-image-7081\" srcset=\"https:\/\/www.karl-may.berlin\/wordpress\/wp-content\/uploads\/2024\/07\/2528-bonner-vz-TK.jpg 1695w, https:\/\/www.karl-may.berlin\/wordpress\/wp-content\/uploads\/2024\/07\/2528-bonner-vz-TK-300x56.jpg 300w, https:\/\/www.karl-may.berlin\/wordpress\/wp-content\/uploads\/2024\/07\/2528-bonner-vz-TK-1024x190.jpg 1024w, https:\/\/www.karl-may.berlin\/wordpress\/wp-content\/uploads\/2024\/07\/2528-bonner-vz-TK-768x142.jpg 768w, https:\/\/www.karl-may.berlin\/wordpress\/wp-content\/uploads\/2024\/07\/2528-bonner-vz-TK-1536x285.jpg 1536w\" sizes=\"auto, (max-width: 1695px) 100vw, 1695px\" \/><\/a><figcaption class=\"wp-element-caption\">Titelkopf<\/figcaption><\/figure>\n\n\n\n<figure class=\"wp-block-table bibliografie zelle1 is-style-regular\"><table><tbody><tr><td>Titelkopf:<\/td><td>Bonner Volkszeitung<\/td><\/tr><tr><td>Untertitel:<\/td><td>\u201aDeutsche Reichszeitung.\u2018 \u201aBonner Stadt-Anzeiger.\u2018 \u201aBr\u00fchler Stadt-Anzeiger.\u2018<\/td><\/tr><tr><td>Redaktion:<\/td><td>Verantwortlicher Redakteur: P. Felder in Bonn<\/td><\/tr><tr><td>Jahrgang:<\/td><td>13. Jahrgang.<\/td><\/tr><tr><td>Turnus:<\/td><td>Erscheint t\u00e4glich<\/td><\/tr><tr><td>Ort:<\/td><td>Bonn<\/td><\/tr><tr><td>Verlag:<\/td><td>Verlag von P[eter] Hauptmann<\/td><\/tr><tr><td>Druck:<\/td><td>Rotationsdruck der P[eter] Hauptmann\u2019schen Buchdruckerei (Bonn.)<\/td><\/tr><tr><td>Erschienen:<\/td><td>Sonntag, den 19. August 1894.<\/td><\/tr><tr><td>Format:<\/td><td>2\u00ba (Folio)<\/td><\/tr><\/tbody><\/table><\/figure>\n\n\n\n<div class=\"isbnissn\">\u2039ISSN 0170-5105\u203a<\/div>\n\n\n\n<p class=\"literaturverzeichnis has-medium-font-size\"><span class=\"harvard\">Referenzartikel<\/span> Martin Schulz: \u201eZufall oder Schickung?\u201c \u00b7 Werbung mit einem Textschnipsel (II). In: Karl May in Leipzig \u00b7 35. Jahrgang, Nr. 137. Leipzig, Freundeskreis Karl May Leipzig, Juni 2024; S. 8\u201310.<\/p>\n\n\n\n<div style=\"height:60px\" aria-hidden=\"true\" class=\"wp-block-spacer\"><\/div>\n\n\n\n<div class=\"wp-block-otfm-box-spoiler-end otfm-sp_end\"><\/div>\n\n\n\n<div class=\"wp-block-otfm-box-spoiler-start otfm-sp__wrapper otfm-sp__box js-otfm-sp-box__closed otfm-sp__bdcebe\" role=\"button\" tabindex=\"0\" aria-expanded=\"false\" data-otfm-spc=\"#bdcebe\" style=\"text-align:left\"><div class=\"otfm-sp__title\"><strong>Der Kutb.<\/strong> In: <em>Central-Volksblatt.<\/em> 1894.<\/div><\/div>\n\n\n\n<div style=\"height:10px\" aria-hidden=\"true\" class=\"wp-block-spacer\"><\/div>\n\n\n\n<p class=\"has-medium-font-size\">Titelaufnahme:<\/p>\n\n\n\n<figure class=\"wp-block-image size-full is-resized is-style-default fl mt0\"><a href=\"https:\/\/www.karl-may.berlin\/wordpress\/wp-content\/uploads\/2024\/07\/2528-kutb-arnsberg.jpg\"><img loading=\"lazy\" decoding=\"async\" width=\"557\" height=\"1200\" src=\"https:\/\/www.karl-may.berlin\/wordpress\/wp-content\/uploads\/2024\/07\/2528-kutb-arnsberg.jpg\" alt=\"\" class=\"wp-image-7039\" style=\"width:300px\" srcset=\"https:\/\/www.karl-may.berlin\/wordpress\/wp-content\/uploads\/2024\/07\/2528-kutb-arnsberg.jpg 557w, https:\/\/www.karl-may.berlin\/wordpress\/wp-content\/uploads\/2024\/07\/2528-kutb-arnsberg-139x300.jpg 139w, https:\/\/www.karl-may.berlin\/wordpress\/wp-content\/uploads\/2024\/07\/2528-kutb-arnsberg-475x1024.jpg 475w\" sizes=\"auto, (max-width: 557px) 100vw, 557px\" \/><\/a><figcaption class=\"wp-element-caption\">Annonce mit Leseprobe<\/figcaption><\/figure>\n\n\n\n<figure class=\"wp-block-table bibliografie zelle1 is-style-regular\"><table><tbody><tr><td>Autor:<\/td><td>Karl [Friedrich] May<\/td><\/tr><tr><td>Titel:<\/td><td>Der Kutb.<\/td><\/tr><tr><td>Untertitel:<\/td><td>Reiseerz\u00e4hlung von Dr. Karl May.<\/td><\/tr><tr><td>Erschienen:<\/td><td>11. August 1894<\/td><\/tr><tr><td>Digitalisat:<\/td><td><a href=\"https:\/\/zeitpunkt.nrw\/ulbms\/periodical\/zoom\/6216529\" target=\"_blank\" rel=\"noreferrer noopener\">Zeitpunkt NRW<\/a><\/td><\/tr><tr><td>Bemerkung:<\/td><td><em>Leseprobe als Werbung f\u00fcr den Jahrgang 1895 von \u201eBenziger\u2019s Marien-Kalender\u201c.<\/em><\/td><\/tr><\/tbody><\/table><\/figure>\n\n\n\n<div style=\"height:1px\" aria-hidden=\"true\" class=\"wp-block-spacer\"><\/div>\n\n\n\n<p class=\"has-medium-font-size\">Unter der Spitzmarke \u201e\u25b3 Litteratur.\u201c auf Seite (2) in Nr. 183. von:<\/p>\n\n\n\n<figure class=\"wp-block-image size-full is-style-default\"><a href=\"https:\/\/www.karl-may.berlin\/wordpress\/wp-content\/uploads\/2024\/07\/2528-centralvolksblatt-tk.jpg\"><img loading=\"lazy\" decoding=\"async\" width=\"1632\" height=\"496\" src=\"https:\/\/www.karl-may.berlin\/wordpress\/wp-content\/uploads\/2024\/07\/2528-centralvolksblatt-tk.jpg\" alt=\"Central-Volksblatt TK\" class=\"wp-image-7038\" srcset=\"https:\/\/www.karl-may.berlin\/wordpress\/wp-content\/uploads\/2024\/07\/2528-centralvolksblatt-tk.jpg 1632w, https:\/\/www.karl-may.berlin\/wordpress\/wp-content\/uploads\/2024\/07\/2528-centralvolksblatt-tk-300x91.jpg 300w, https:\/\/www.karl-may.berlin\/wordpress\/wp-content\/uploads\/2024\/07\/2528-centralvolksblatt-tk-1024x311.jpg 1024w, https:\/\/www.karl-may.berlin\/wordpress\/wp-content\/uploads\/2024\/07\/2528-centralvolksblatt-tk-768x233.jpg 768w, https:\/\/www.karl-may.berlin\/wordpress\/wp-content\/uploads\/2024\/07\/2528-centralvolksblatt-tk-1536x467.jpg 1536w\" sizes=\"auto, (max-width: 1632px) 100vw, 1632px\" \/><\/a><figcaption class=\"wp-element-caption\">Titelkopf<\/figcaption><\/figure>\n\n\n\n<figure class=\"wp-block-table bibliografie zelle1 is-style-regular\"><table><tbody><tr><td>Titelkopf:<\/td><td>Central-Volksblatt<\/td><\/tr><tr><td>Untertitel [1]:<\/td><td>f\u00fcr den Regierungsbezirk Arnsberg<\/td><\/tr><tr><td>Untertitel [2]:<\/td><td>mit den Gratis-Beilagen \u201eSonntagsblumen\u201c und \u201eDer Gemeinn\u00fctzige\u201c.<\/td><\/tr><tr><td>Ausgabe:<\/td><td>Zweites Blatt.<\/td><\/tr><tr><td>Redaktion:<\/td><td>Verantwortlicher Redacteur: Fr[anz] Jos[ef] Hilsmann in Arnsberg<\/td><\/tr><tr><td>Jahrgang:<\/td><td>39. Jahrgang.<\/td><\/tr><tr><td>Turnus:<\/td><td>Erscheint t\u00e4glich mit Ausnahme der Sonn- und Festtage.<\/td><\/tr><tr><td>Ort:<\/td><td>Werl<\/td><\/tr><tr><td>Verlag:<\/td><td>Verlag und Expedition von A[nton] Stein<\/td><\/tr><tr><td>Druck:<\/td><td>Druck und Expedition von H. R[aymund] Stein in Arnsberg.<\/td><\/tr><tr><td>Erschienen:<\/td><td>Samstag den 11. August 1894.<\/td><\/tr><tr><td>Format:<\/td><td>2\u00ba (Folio)<\/td><\/tr><\/tbody><\/table><\/figure>\n\n\n\n<div class=\"isbnissn\">\u2039ISSN 0170-5105\u203a<\/div>\n\n\n\n<p class=\"literaturverzeichnis has-medium-font-size\"><span class=\"harvard\">Referenzartikel<\/span> Martin Schulz: \u201eZufall oder Schickung?\u201c \u00b7 Werbung mit einem Textschnipsel (II). In: Karl May in Leipzig \u00b7 35. Jahrgang, Nr. 137. Leipzig, Freundeskreis Karl May Leipzig, Juni 2024; S. 8\u201310.<\/p>\n\n\n\n<div style=\"height:60px\" aria-hidden=\"true\" class=\"wp-block-spacer\"><\/div>\n\n\n\n<div class=\"wp-block-otfm-box-spoiler-end otfm-sp_end\"><\/div>\n\n\n\n<div class=\"wp-block-otfm-box-spoiler-start otfm-sp__wrapper otfm-sp__box js-otfm-sp-box__closed otfm-sp__bdcebe\" role=\"button\" tabindex=\"0\" aria-expanded=\"false\" data-otfm-spc=\"#bdcebe\" style=\"text-align:left\"><div class=\"otfm-sp__title\"><strong>Der Kutb.<\/strong> In: <em>Donau-Zeitung.<\/em> 1894.<\/div><\/div>\n\n\n\n<div style=\"height:10px\" aria-hidden=\"true\" class=\"wp-block-spacer\"><\/div>\n\n\n\n<p class=\"has-medium-font-size\">Titelaufnahme:<\/p>\n\n\n\n<figure class=\"wp-block-image size-full is-resized is-style-default fl mt0\"><a href=\"https:\/\/www.karl-may.berlin\/wordpress\/wp-content\/uploads\/2024\/07\/2528-kutb-passau.jpg\"><img loading=\"lazy\" decoding=\"async\" width=\"555\" height=\"1200\" src=\"https:\/\/www.karl-may.berlin\/wordpress\/wp-content\/uploads\/2024\/07\/2528-kutb-passau.jpg\" alt=\"Kutb Passau\" class=\"wp-image-7192\" style=\"width:300px\" srcset=\"https:\/\/www.karl-may.berlin\/wordpress\/wp-content\/uploads\/2024\/07\/2528-kutb-passau.jpg 555w, https:\/\/www.karl-may.berlin\/wordpress\/wp-content\/uploads\/2024\/07\/2528-kutb-passau-139x300.jpg 139w, https:\/\/www.karl-may.berlin\/wordpress\/wp-content\/uploads\/2024\/07\/2528-kutb-passau-474x1024.jpg 474w\" sizes=\"auto, (max-width: 555px) 100vw, 555px\" \/><\/a><figcaption class=\"wp-element-caption\">Annonce mit Leseprobe<\/figcaption><\/figure>\n\n\n\n<figure class=\"wp-block-table bibliografie zelle1 is-style-regular\"><table><tbody><tr><td>Autor:<\/td><td>Karl [Friedrich] May<\/td><\/tr><tr><td>Titel:<\/td><td>Der Kutb.<\/td><\/tr><tr><td>Untertitel:<\/td><td>Reiseerz\u00e4hlung von Dr. Karl May.<\/td><\/tr><tr><td>Erschienen [1]:<\/td><td>15. September 1894<\/td><\/tr><tr><td>Digitalisat [1]:<\/td><td><a href=\"https:\/\/www.digitale-sammlungen.de\/de\/view\/bsb11482966?page=114\" target=\"_blank\" rel=\"noreferrer noopener\">Bayerische Staatsbibliothek<\/a><\/td><\/tr><tr><td>Erschienen [2]:<\/td><td>22. September 1894<\/td><\/tr><tr><td>Digitalisat [2]:<\/td><td><a href=\"https:\/\/www.digitale-sammlungen.de\/de\/view\/bsb11482966?page=160\" target=\"_blank\" rel=\"noreferrer noopener\">Bayerische Staatsbibliothek<\/a><\/td><\/tr><tr><td>Erschienen [3]:<\/td><td>24. September 1894<\/td><\/tr><tr><td>Digitalisat [3]:<\/td><td><a href=\"https:\/\/www.digitale-sammlungen.de\/de\/view\/bsb11482966?page=171\" target=\"_blank\" rel=\"noreferrer noopener\">Bayerische Staatsbibliothek<\/a><\/td><\/tr><tr><td>Bemerkung:<\/td><td><em>Leseprobe als Werbung f\u00fcr den Jahrgang 1895 von \u201eBenziger\u2019s Marien-Kalender\u201c.<\/em><\/td><\/tr><\/tbody><\/table><\/figure>\n\n\n\n<div style=\"height:1px\" aria-hidden=\"true\" class=\"wp-block-spacer\"><\/div>\n\n\n\n<p class=\"has-medium-font-size\">Zweites Blatt. Seite (2) in \u2116. 211. <em>sowie<\/em> Seite (6) in \u2116. 217. <em>und<\/em> Seite (7) in \u2116. 218. von:<\/p>\n\n\n\n<figure class=\"wp-block-image size-full is-style-default\"><a href=\"https:\/\/www.karl-may.berlin\/wordpress\/wp-content\/uploads\/2024\/07\/2528-donau-zeitung-TK.jpg\"><img loading=\"lazy\" decoding=\"async\" width=\"1800\" height=\"503\" src=\"https:\/\/www.karl-may.berlin\/wordpress\/wp-content\/uploads\/2024\/07\/2528-donau-zeitung-TK.jpg\" alt=\"Donauzeitung TK\" class=\"wp-image-7193\" srcset=\"https:\/\/www.karl-may.berlin\/wordpress\/wp-content\/uploads\/2024\/07\/2528-donau-zeitung-TK.jpg 1800w, https:\/\/www.karl-may.berlin\/wordpress\/wp-content\/uploads\/2024\/07\/2528-donau-zeitung-TK-300x84.jpg 300w, https:\/\/www.karl-may.berlin\/wordpress\/wp-content\/uploads\/2024\/07\/2528-donau-zeitung-TK-1024x286.jpg 1024w, https:\/\/www.karl-may.berlin\/wordpress\/wp-content\/uploads\/2024\/07\/2528-donau-zeitung-TK-768x215.jpg 768w, https:\/\/www.karl-may.berlin\/wordpress\/wp-content\/uploads\/2024\/07\/2528-donau-zeitung-TK-1536x429.jpg 1536w\" sizes=\"auto, (max-width: 1800px) 100vw, 1800px\" \/><\/a><figcaption class=\"wp-element-caption\">Titelkopf<\/figcaption><\/figure>\n\n\n\n<figure class=\"wp-block-table bibliografie zelle1 is-style-regular\"><table><tbody><tr><td>Titelkopf:<\/td><td>Donau=Zeitung.<\/td><\/tr><tr><td>Jahrgang:<\/td><td>1894<\/td><\/tr><tr><td>Redaktion:<\/td><td>Verantwortlicher Redakteur: Anton Linhart in Passau<\/td><\/tr><tr><td>Turnus:<\/td><td>Erscheinen t\u00e4glich, mit Ausnahme  der Sonn- und Feiertage.<\/td><\/tr><tr><td>Ort:<\/td><td>Passau<\/td><\/tr><tr><td>Verlag:<\/td><td>Aktiengesellschaft Passavia<\/td><\/tr><tr><td>Druck:<\/td><td>Druck der Aktiengesellschaft Passavia.<\/td><\/tr><tr><td>Erschienen:<\/td><td>Sonntag, den 16. [vielmehr Samstag, den 15.] September 1894. <br>Sonntag, den 23. [vielmehr Samstag, den 22.] September 1894. <br>Dienstag, den 25. [vielmehr Montag, den 24.] September 1894.<\/td><\/tr><tr><td>Format:<\/td><td>4\u00ba (Quarto)<\/td><\/tr><\/tbody><\/table><\/figure>\n\n\n\n<div class=\"isbnissn\">\u2039ISSN 0170-5105\u203a<\/div>\n\n\n\n<p class=\"literaturverzeichnis has-medium-font-size\"><span class=\"harvard\">Referenzartikel<\/span> Martin Schulz: \u201eZufall oder Schickung?\u201c \u00b7 Werbung mit einem Textschnipsel (II). In: Karl May in Leipzig \u00b7 35. Jahrgang, Nr. 137. Leipzig, Freundeskreis Karl May Leipzig, Juni 2024; S. 8\u201310.<\/p>\n\n\n\n<div style=\"height:60px\" aria-hidden=\"true\" class=\"wp-block-spacer\"><\/div>\n\n\n\n<div class=\"wp-block-otfm-box-spoiler-end otfm-sp_end\"><\/div>\n\n\n\n<div class=\"wp-block-otfm-box-spoiler-start otfm-sp__wrapper otfm-sp__box js-otfm-sp-box__closed otfm-sp__bdcebe\" role=\"button\" tabindex=\"0\" aria-expanded=\"false\" data-otfm-spc=\"#bdcebe\" style=\"text-align:left\"><div class=\"otfm-sp__title\"><strong>Der Kutb.<\/strong> In: <em>Echo der Gegenwart.<\/em> 1894.<\/div><\/div>\n\n\n\n<div style=\"height:10px\" aria-hidden=\"true\" class=\"wp-block-spacer\"><\/div>\n\n\n\n<p class=\"has-medium-font-size\">Titelaufnahme:<\/p>\n\n\n\n<figure class=\"wp-block-image size-full is-resized is-style-default\"><a href=\"https:\/\/www.karl-may.berlin\/wordpress\/wp-content\/uploads\/2024\/07\/2528-kutb-aachen.jpg\"><img loading=\"lazy\" decoding=\"async\" width=\"1870\" height=\"458\" src=\"https:\/\/www.karl-may.berlin\/wordpress\/wp-content\/uploads\/2024\/07\/2528-kutb-aachen.jpg\" alt=\"Kutb Aachen\" class=\"wp-image-7045\" style=\"object-fit:cover\" srcset=\"https:\/\/www.karl-may.berlin\/wordpress\/wp-content\/uploads\/2024\/07\/2528-kutb-aachen.jpg 1870w, https:\/\/www.karl-may.berlin\/wordpress\/wp-content\/uploads\/2024\/07\/2528-kutb-aachen-300x73.jpg 300w, https:\/\/www.karl-may.berlin\/wordpress\/wp-content\/uploads\/2024\/07\/2528-kutb-aachen-1024x251.jpg 1024w, https:\/\/www.karl-may.berlin\/wordpress\/wp-content\/uploads\/2024\/07\/2528-kutb-aachen-768x188.jpg 768w, https:\/\/www.karl-may.berlin\/wordpress\/wp-content\/uploads\/2024\/07\/2528-kutb-aachen-1536x376.jpg 1536w\" sizes=\"auto, (max-width: 1870px) 100vw, 1870px\" \/><\/a><figcaption class=\"wp-element-caption\">Annonce mit Leseprobe<\/figcaption><\/figure>\n\n\n\n<figure class=\"wp-block-table bibliografie zelle1 is-style-regular\"><table><tbody><tr><td>Autor:<\/td><td>Karl [Friedrich] May<\/td><\/tr><tr><td>Titel:<\/td><td>Der Kutb.<\/td><\/tr><tr><td>Untertitel:<\/td><td>Reiseerz\u00e4hlung von Dr. Karl May.<\/td><\/tr><tr><td>Erschienen:<\/td><td>11. August 1894<\/td><\/tr><tr><td>Digitalisat:<\/td><td><a href=\"https:\/\/zeitpunkt.nrw\/ulbbn\/periodical\/zoom\/3575752\" target=\"_blank\" rel=\"noreferrer noopener\">Zeitpunkt NRW<\/a><\/td><\/tr><tr><td>Bemerkung:<\/td><td><em>Leseprobe als Werbung f\u00fcr den Jahrgang 1895 von \u201eBenziger\u2019s Marien-Kalender\u201c.<\/em><\/td><\/tr><\/tbody><\/table><\/figure>\n\n\n\n<div style=\"height:1px\" aria-hidden=\"true\" class=\"wp-block-spacer\"><\/div>\n\n\n\n<p class=\"has-medium-font-size\">Seite (3) in Nr. 183. von:<\/p>\n\n\n\n<figure class=\"wp-block-image size-full is-style-default\"><a href=\"https:\/\/www.karl-may.berlin\/wordpress\/wp-content\/uploads\/2024\/07\/2528-echodergegenwart-TK.jpg\"><img loading=\"lazy\" decoding=\"async\" width=\"1858\" height=\"418\" src=\"https:\/\/www.karl-may.berlin\/wordpress\/wp-content\/uploads\/2024\/07\/2528-echodergegenwart-TK.jpg\" alt=\"Echo der Gegenwart 1894 TK\" class=\"wp-image-7046\" srcset=\"https:\/\/www.karl-may.berlin\/wordpress\/wp-content\/uploads\/2024\/07\/2528-echodergegenwart-TK.jpg 1858w, https:\/\/www.karl-may.berlin\/wordpress\/wp-content\/uploads\/2024\/07\/2528-echodergegenwart-TK-300x67.jpg 300w, https:\/\/www.karl-may.berlin\/wordpress\/wp-content\/uploads\/2024\/07\/2528-echodergegenwart-TK-1024x230.jpg 1024w, https:\/\/www.karl-may.berlin\/wordpress\/wp-content\/uploads\/2024\/07\/2528-echodergegenwart-TK-768x173.jpg 768w, https:\/\/www.karl-may.berlin\/wordpress\/wp-content\/uploads\/2024\/07\/2528-echodergegenwart-TK-1536x346.jpg 1536w\" sizes=\"auto, (max-width: 1858px) 100vw, 1858px\" \/><\/a><figcaption class=\"wp-element-caption\">Titelkopf<\/figcaption><\/figure>\n\n\n\n<figure class=\"wp-block-table bibliografie zelle1 is-style-regular\"><table><tbody><tr><td>Titelkopf:<\/td><td>Echo der Gegenwart.<\/td><\/tr><tr><td>Untertitel:<\/td><td>Aelteste Zeitung Aachens mit gr\u00dfter Abonnetenzahl.<\/td><\/tr><tr><td>Ausgabe:<\/td><td>Erstes Blatt.<\/td><\/tr><tr><td>Redaktion:<\/td><td>Verantwortlich f\u00fcr den redaktionellen Theil: Chefredakteur Jos. Mattern<\/td><\/tr><tr><td>Jahrgang:<\/td><td>46. Jahrgang.<\/td><\/tr><tr><td>Turnus:<\/td><td>erscheint, Montags ausgenommen, t\u00e4glich zweimal<\/td><\/tr><tr><td>Ort:<\/td><td>Aachen<\/td><\/tr><tr><td>Verlag:<\/td><td>Verlag von Kaatzers Erben<\/td><\/tr><tr><td>Druck:<\/td><td>Druck von Hermann Kaatzer [in Aachen]<\/td><\/tr><tr><td>Erschienen:<\/td><td>Samstag, 11. August. 1894.<\/td><\/tr><tr><td>Format:<\/td><td>2\u00ba (Folio)<\/td><\/tr><\/tbody><\/table><\/figure>\n\n\n\n<div class=\"isbnissn\">\u2039ISSN 0170-5105\u203a<\/div>\n\n\n\n<p class=\"literaturverzeichnis has-medium-font-size\"><span class=\"harvard\">Referenzartikel<\/span> Martin Schulz: \u201eZufall oder Schickung?\u201c \u00b7 Werbung mit einem Textschnipsel (II). In: Karl May in Leipzig \u00b7 35. Jahrgang, Nr. 137. Leipzig, Freundeskreis Karl May Leipzig, Juni 2024; S. 8\u201310.<\/p>\n\n\n\n<div style=\"height:60px\" aria-hidden=\"true\" class=\"wp-block-spacer\"><\/div>\n\n\n\n<div class=\"wp-block-otfm-box-spoiler-end otfm-sp_end\"><\/div>\n\n\n\n<div class=\"wp-block-otfm-box-spoiler-start otfm-sp__wrapper otfm-sp__box js-otfm-sp-box__closed otfm-sp__bdcebe\" role=\"button\" tabindex=\"0\" aria-expanded=\"false\" data-otfm-spc=\"#bdcebe\" style=\"text-align:left\"><div class=\"otfm-sp__title\"><strong>Der Kutb.<\/strong> In: <em>Gladbacher Volkszeitung.<\/em> 1894.<\/div><\/div>\n\n\n\n<div style=\"height:10px\" aria-hidden=\"true\" class=\"wp-block-spacer\"><\/div>\n\n\n\n<p class=\"has-medium-font-size\">Titelaufnahme:<\/p>\n\n\n\n<figure class=\"wp-block-image size-full is-resized is-style-default border fl mt0\"><a href=\"https:\/\/www.karl-may.berlin\/wordpress\/wp-content\/uploads\/2024\/07\/2528-kutb-gladbach.jpg\"><img loading=\"lazy\" decoding=\"async\" width=\"520\" height=\"1152\" src=\"https:\/\/www.karl-may.berlin\/wordpress\/wp-content\/uploads\/2024\/07\/2528-kutb-gladbach.jpg\" alt=\"Kutb Gladbach\" class=\"wp-image-7101\" style=\"width:300px\" srcset=\"https:\/\/www.karl-may.berlin\/wordpress\/wp-content\/uploads\/2024\/07\/2528-kutb-gladbach.jpg 520w, https:\/\/www.karl-may.berlin\/wordpress\/wp-content\/uploads\/2024\/07\/2528-kutb-gladbach-135x300.jpg 135w, https:\/\/www.karl-may.berlin\/wordpress\/wp-content\/uploads\/2024\/07\/2528-kutb-gladbach-462x1024.jpg 462w\" sizes=\"auto, (max-width: 520px) 100vw, 520px\" \/><\/a><figcaption class=\"wp-element-caption\">Annonce mit Leseprobe<\/figcaption><\/figure>\n\n\n\n<figure class=\"wp-block-table bibliografie zelle1 is-style-regular\"><table><tbody><tr><td>Autor:<\/td><td>Karl [Friedrich] May<\/td><\/tr><tr><td>Titel:<\/td><td>Der Kutb.<\/td><\/tr><tr><td>Untertitel:<\/td><td>Reiseerz\u00e4hlung von Dr. Karl May.<\/td><\/tr><tr><td>Erschienen:<\/td><td>23. August 1894<\/td><\/tr><tr><td>Digitalisat:<\/td><td><a href=\"https:\/\/zeitpunkt.nrw\/ulbbn\/periodical\/zoom\/2451997\" target=\"_blank\" rel=\"noreferrer noopener\">Zeitpunkt NRW<\/a><\/td><\/tr><tr><td>Bemerkung:<\/td><td><em>Leseprobe als Werbung f\u00fcr den Jahrgang 1895 von \u201eBenziger\u2019s Marien-Kalender\u201c.<\/em><\/td><\/tr><\/tbody><\/table><\/figure>\n\n\n\n<div style=\"height:1px\" aria-hidden=\"true\" class=\"wp-block-spacer\"><\/div>\n\n\n\n<p class=\"has-medium-font-size\">Seite (3) in Nr. 193. von:<\/p>\n\n\n\n<figure class=\"wp-block-image size-full is-style-default\"><a href=\"https:\/\/www.karl-may.berlin\/wordpress\/wp-content\/uploads\/2024\/07\/2528-gladbacher-vz-TK.jpg\"><img loading=\"lazy\" decoding=\"async\" width=\"1570\" height=\"433\" src=\"https:\/\/www.karl-may.berlin\/wordpress\/wp-content\/uploads\/2024\/07\/2528-gladbacher-vz-TK.jpg\" alt=\"Gladbacher Volkszeitung TK\" class=\"wp-image-7102\" srcset=\"https:\/\/www.karl-may.berlin\/wordpress\/wp-content\/uploads\/2024\/07\/2528-gladbacher-vz-TK.jpg 1570w, https:\/\/www.karl-may.berlin\/wordpress\/wp-content\/uploads\/2024\/07\/2528-gladbacher-vz-TK-300x83.jpg 300w, https:\/\/www.karl-may.berlin\/wordpress\/wp-content\/uploads\/2024\/07\/2528-gladbacher-vz-TK-1024x282.jpg 1024w, https:\/\/www.karl-may.berlin\/wordpress\/wp-content\/uploads\/2024\/07\/2528-gladbacher-vz-TK-768x212.jpg 768w, https:\/\/www.karl-may.berlin\/wordpress\/wp-content\/uploads\/2024\/07\/2528-gladbacher-vz-TK-1536x424.jpg 1536w\" sizes=\"auto, (max-width: 1570px) 100vw, 1570px\" \/><\/a><figcaption class=\"wp-element-caption\">Titelkopf<\/figcaption><\/figure>\n\n\n\n<figure class=\"wp-block-table bibliografie zelle1 is-style-regular\"><table><tbody><tr><td>Titelkopf:<\/td><td>Gladbacher Volkszeitung.<\/td><\/tr><tr><td>Untertitel:<\/td><td>(Meistverbreitete politische Zeitung des Stadtkreises M.\u2009Gladbach und des Kreises Gladbach.)<\/td><\/tr><tr><td>Redaktion:<\/td><td>Verantwortlicher Redacteur Dr. [Heinrich] Frings.<\/td><\/tr><tr><td>Jahrgang:<\/td><td>23. Jahrgang.<\/td><\/tr><tr><td>Turnus:<\/td><td>erscheint t\u00e4glich, mit Ausnahme der Sonn- und Feiertage, (Samstags mehrere Bl\u00e4tter und das \u201aGladbacher Sonntagsblatt\u2018)<\/td><\/tr><tr><td>Ort:<\/td><td>Gladbach<\/td><\/tr><tr><td>Verlag:<\/td><td>Expedition und Verlag Franz von Olberger<\/td><\/tr><tr><td>Druck:<\/td><td>Druck Franz von Olberger, Gladbach<\/td><\/tr><tr><td>Erschienen:<\/td><td>Donnerstag den 23. August 1894.<\/td><\/tr><tr><td>Format:<\/td><td>2\u00ba (Folio)<\/td><\/tr><\/tbody><\/table><\/figure>\n\n\n\n<div class=\"isbnissn\">\u2039ISSN 0170-5105\u203a<\/div>\n\n\n\n<p class=\"literaturverzeichnis has-medium-font-size\"><span class=\"harvard\">Referenzartikel<\/span> Martin Schulz: \u201eZufall oder Schickung?\u201c \u00b7 Werbung mit einem Textschnipsel (II). In: Karl May in Leipzig \u00b7 35. Jahrgang, Nr. 137. Leipzig, Freundeskreis Karl May Leipzig, Juni 2024; S. 8\u201310.<\/p>\n\n\n\n<div style=\"height:60px\" aria-hidden=\"true\" class=\"wp-block-spacer\"><\/div>\n\n\n\n<div class=\"wp-block-otfm-box-spoiler-end otfm-sp_end\"><\/div>\n\n\n\n<div class=\"wp-block-otfm-box-spoiler-start otfm-sp__wrapper otfm-sp__box js-otfm-sp-box__closed otfm-sp__bdcebe\" role=\"button\" tabindex=\"0\" aria-expanded=\"false\" data-otfm-spc=\"#bdcebe\" style=\"text-align:left\"><div class=\"otfm-sp__title\"><strong>Der Kutb.<\/strong> In: <em>Grazer Volksblatt.<\/em> 1894.<\/div><\/div>\n\n\n\n<div style=\"height:10px\" aria-hidden=\"true\" class=\"wp-block-spacer\"><\/div>\n\n\n\n<p class=\"has-medium-font-size\">Titelaufnahme:<\/p>\n\n\n\n<figure class=\"wp-block-image size-full is-resized is-style-default fl mt0\"><a href=\"https:\/\/www.karl-may.berlin\/wordpress\/wp-content\/uploads\/2024\/07\/2828-kutb-graz.jpg\"><img loading=\"lazy\" decoding=\"async\" width=\"353\" height=\"1200\" src=\"https:\/\/www.karl-may.berlin\/wordpress\/wp-content\/uploads\/2024\/07\/2828-kutb-graz.jpg\" alt=\"Kutb Graz\" class=\"wp-image-7165\" style=\"width:300px\" srcset=\"https:\/\/www.karl-may.berlin\/wordpress\/wp-content\/uploads\/2024\/07\/2828-kutb-graz.jpg 353w, https:\/\/www.karl-may.berlin\/wordpress\/wp-content\/uploads\/2024\/07\/2828-kutb-graz-88x300.jpg 88w, https:\/\/www.karl-may.berlin\/wordpress\/wp-content\/uploads\/2024\/07\/2828-kutb-graz-301x1024.jpg 301w\" sizes=\"auto, (max-width: 353px) 100vw, 353px\" \/><\/a><figcaption class=\"wp-element-caption\">Annonce mit Leseprobe<\/figcaption><\/figure>\n\n\n\n<figure class=\"wp-block-table bibliografie zelle1 is-style-regular\"><table><tbody><tr><td>Autor:<\/td><td>Karl [Friedrich] May<\/td><\/tr><tr><td>Titel:<\/td><td>Der Kutb.<\/td><\/tr><tr><td>Untertitel:<\/td><td>Reiseerz\u00e4hlung von Dr. Karl May.<\/td><\/tr><tr><td>Erschienen:<\/td><td>31. August 1894<\/td><\/tr><tr><td>Digitalisat:<\/td><td><a href=\"https:\/\/anno.onb.ac.at\/cgi-content\/anno?aid=gre&amp;datum=18940901&amp;seite=9\" target=\"_blank\" rel=\"noreferrer noopener\">\u00d6sterreichische Nationalbibliothek<\/a><\/td><\/tr><tr><td>Bemerkung:<\/td><td><em>Leseprobe als Werbung f\u00fcr den Jahrgang 1895 von \u201eBenziger\u2019s Marien-Kalender\u201c.<\/em><\/td><\/tr><\/tbody><\/table><\/figure>\n\n\n\n<div style=\"height:1px\" aria-hidden=\"true\" class=\"wp-block-spacer\"><\/div>\n\n\n\n<p class=\"has-medium-font-size\">Seite (9) in Nr. 198. von:<\/p>\n\n\n\n<figure class=\"wp-block-image size-full is-style-default\"><a href=\"https:\/\/www.karl-may.berlin\/wordpress\/wp-content\/uploads\/2024\/07\/2528-grazer-vb-TK.jpg\"><img loading=\"lazy\" decoding=\"async\" width=\"1800\" height=\"639\" src=\"https:\/\/www.karl-may.berlin\/wordpress\/wp-content\/uploads\/2024\/07\/2528-grazer-vb-TK.jpg\" alt=\"Grazer VB TK\" class=\"wp-image-7166\" srcset=\"https:\/\/www.karl-may.berlin\/wordpress\/wp-content\/uploads\/2024\/07\/2528-grazer-vb-TK.jpg 1800w, https:\/\/www.karl-may.berlin\/wordpress\/wp-content\/uploads\/2024\/07\/2528-grazer-vb-TK-300x107.jpg 300w, https:\/\/www.karl-may.berlin\/wordpress\/wp-content\/uploads\/2024\/07\/2528-grazer-vb-TK-1024x364.jpg 1024w, https:\/\/www.karl-may.berlin\/wordpress\/wp-content\/uploads\/2024\/07\/2528-grazer-vb-TK-768x273.jpg 768w, https:\/\/www.karl-may.berlin\/wordpress\/wp-content\/uploads\/2024\/07\/2528-grazer-vb-TK-1536x545.jpg 1536w\" sizes=\"auto, (max-width: 1800px) 100vw, 1800px\" \/><\/a><figcaption class=\"wp-element-caption\">Titelkopf<\/figcaption><\/figure>\n\n\n\n<figure class=\"wp-block-table bibliografie zelle1 is-style-regular\"><table><tbody><tr><td>Titelkopf:<\/td><td>Grazer Volksblatt.<\/td><\/tr><tr><td>Jahrgang:<\/td><td>27. Jahrgang<\/td><\/tr><tr><td>Redaktion:<\/td><td>Verantwortlicher Redacteur: Otto H\u00f6del<\/td><\/tr><tr><td>Turnus:<\/td><td>Erscheint t\u00e4glich als Abendblatt mit dem Datum des folgenden Tages, Sonn- und Feiertage ausgenommen.<\/td><\/tr><tr><td>Ort:<\/td><td>Graz<\/td><\/tr><tr><td>Verlag:<\/td><td>Eigenth\u00fcmer und Verleger: Katholischer Pre\u017fsverein.<\/td><\/tr><tr><td>Druck:<\/td><td>K[aiserlich] k[\u00f6nigliche] Universit\u00e4ts-Buchdruckerei \u201aStyria\u2018 in Graz.<\/td><\/tr><tr><td>Erschienen:<\/td><td>1. September [vielmehr 31. August] 1894.<\/td><\/tr><tr><td>Format:<\/td><td>4\u00ba (Quarto)<\/td><\/tr><\/tbody><\/table><\/figure>\n\n\n\n<div class=\"isbnissn\">\u2039ISSN 0170-5105\u203a<\/div>\n\n\n\n<p class=\"literaturverzeichnis has-medium-font-size\"><span class=\"harvard\">Referenzartikel<\/span> Martin Schulz: \u201eZufall oder Schickung?\u201c \u00b7 Werbung mit einem Textschnipsel (II). In: Karl May in Leipzig \u00b7 35. Jahrgang, Nr. 137. Leipzig, Freundeskreis Karl May Leipzig, Juni 2024; S. 8\u201310.<\/p>\n\n\n\n<div style=\"height:60px\" aria-hidden=\"true\" class=\"wp-block-spacer\"><\/div>\n\n\n\n<div class=\"wp-block-otfm-box-spoiler-end otfm-sp_end\"><\/div>\n\n\n\n<div class=\"wp-block-otfm-box-spoiler-start otfm-sp__wrapper otfm-sp__box js-otfm-sp-box__closed otfm-sp__bdcebe\" role=\"button\" tabindex=\"0\" aria-expanded=\"false\" data-otfm-spc=\"#bdcebe\" style=\"text-align:left\"><div class=\"otfm-sp__title\"><strong>Der Kutb.<\/strong> [f\u00e4lschlich: Der Kutl.] In: <em>K\u00f6ln-Bergheimer Zeitung.<\/em> 1894.<\/div><\/div>\n\n\n\n<div style=\"height:10px\" aria-hidden=\"true\" class=\"wp-block-spacer\"><\/div>\n\n\n\n<p class=\"has-medium-font-size\">Titelaufnahme:<\/p>\n\n\n\n<figure class=\"wp-block-image size-full is-resized is-style-default fl mt0\"><a href=\"https:\/\/www.karl-may.berlin\/wordpress\/wp-content\/uploads\/2024\/07\/2528-kutb-bergheim.jpg\"><img loading=\"lazy\" decoding=\"async\" width=\"321\" height=\"1200\" src=\"https:\/\/www.karl-may.berlin\/wordpress\/wp-content\/uploads\/2024\/07\/2528-kutb-bergheim.jpg\" alt=\"Kutb Bergheim\" class=\"wp-image-7073\" style=\"width:300px\" srcset=\"https:\/\/www.karl-may.berlin\/wordpress\/wp-content\/uploads\/2024\/07\/2528-kutb-bergheim.jpg 321w, https:\/\/www.karl-may.berlin\/wordpress\/wp-content\/uploads\/2024\/07\/2528-kutb-bergheim-80x300.jpg 80w, https:\/\/www.karl-may.berlin\/wordpress\/wp-content\/uploads\/2024\/07\/2528-kutb-bergheim-274x1024.jpg 274w\" sizes=\"auto, (max-width: 321px) 100vw, 321px\" \/><\/a><figcaption class=\"wp-element-caption\">Annonce mit Leseprobe<\/figcaption><\/figure>\n\n\n\n<figure class=\"wp-block-table bibliografie zelle1 is-style-regular\"><table><tbody><tr><td>Autor:<\/td><td>Karl [Friedrich] May<\/td><\/tr><tr><td>Titel:<\/td><td>Der Kutl. [vielmehr: Der Kutb.]<\/td><\/tr><tr><td>Untertitel:<\/td><td>Reiseerz\u00e4hlung von Dr. Karl May.<\/td><\/tr><tr><td>Erschienen:<\/td><td>18. August 1894<\/td><\/tr><tr><td>Digitalisat:<\/td><td><a href=\"https:\/\/zeitpunkt.nrw\/ulbbn\/periodical\/zoom\/710242\" target=\"_blank\" rel=\"noreferrer noopener\">Zeitpunkt NRW<\/a><\/td><\/tr><tr><td>Bemerkung:<\/td><td><em>Leseprobe als Werbung f\u00fcr den Jahrgang 1895 von \u201eBenziger\u2019s Marien-Kalender\u201c.<\/em><\/td><\/tr><\/tbody><\/table><\/figure>\n\n\n\n<div style=\"height:1px\" aria-hidden=\"true\" class=\"wp-block-spacer\"><\/div>\n\n\n\n<p class=\"has-medium-font-size\">Seite (3) in \u2116 66. von:<\/p>\n\n\n\n<figure class=\"wp-block-image size-full is-style-default\"><a href=\"https:\/\/www.karl-may.berlin\/wordpress\/wp-content\/uploads\/2024\/07\/2528-koelnbergheimer-TK.jpg\"><img loading=\"lazy\" decoding=\"async\" width=\"1607\" height=\"358\" src=\"https:\/\/www.karl-may.berlin\/wordpress\/wp-content\/uploads\/2024\/07\/2528-koelnbergheimer-TK.jpg\" alt=\"K\u00f6ln-Bergheimer TK\" class=\"wp-image-7074\" srcset=\"https:\/\/www.karl-may.berlin\/wordpress\/wp-content\/uploads\/2024\/07\/2528-koelnbergheimer-TK.jpg 1607w, https:\/\/www.karl-may.berlin\/wordpress\/wp-content\/uploads\/2024\/07\/2528-koelnbergheimer-TK-300x67.jpg 300w, https:\/\/www.karl-may.berlin\/wordpress\/wp-content\/uploads\/2024\/07\/2528-koelnbergheimer-TK-1024x228.jpg 1024w, https:\/\/www.karl-may.berlin\/wordpress\/wp-content\/uploads\/2024\/07\/2528-koelnbergheimer-TK-768x171.jpg 768w, https:\/\/www.karl-may.berlin\/wordpress\/wp-content\/uploads\/2024\/07\/2528-koelnbergheimer-TK-1536x342.jpg 1536w\" sizes=\"auto, (max-width: 1607px) 100vw, 1607px\" \/><\/a><figcaption class=\"wp-element-caption\">Titelkopf<\/figcaption><\/figure>\n\n\n\n<figure class=\"wp-block-table bibliografie zelle1 is-style-regular\"><table><tbody><tr><td>Titelkopf:<\/td><td>K\u00f6ln=Bergheimer Zeitung.<\/td><\/tr><tr><td>Untertitel [1]:<\/td><td>F\u00fcr Wahrheit, Recht und Freiheit.<\/td><\/tr><tr><td>Untertitel [2]:<\/td><td>Ehrenfelser Zeitung. \u2014 Br\u00fchler Volksblatt.<\/td><\/tr><tr><td>Redaktion:<\/td><td>Redaktion: Pet[er Reiner] Brandts, Ehrenfeld<\/td><\/tr><tr><td>Jahrgang:<\/td><td>21. Jahrgang.<\/td><\/tr><tr><td>Turnus:<\/td><td>Erscheint Mittwochs u[nd] Samstags \u2026 mit Sonntagsblatt<\/td><\/tr><tr><td>Ort:<\/td><td>Ehrenfeld<\/td><\/tr><tr><td>Verlag:<\/td><td>Pet[er Reiner] Brandts<\/td><\/tr><tr><td>Druck:<\/td><td>Druck: Pet[er Reiner] Brandts, Ehrenfeld<\/td><\/tr><tr><td>Erschienen:<\/td><td>Samstag, 18. August 1894.<\/td><\/tr><tr><td>Format:<\/td><td>2\u00ba (Folio)<\/td><\/tr><\/tbody><\/table><\/figure>\n\n\n\n<div class=\"isbnissn\">\u2039ISSN 0170-5105\u203a<\/div>\n\n\n\n<p class=\"literaturverzeichnis has-medium-font-size\"><span class=\"harvard\">Referenzartikel<\/span> Martin Schulz: \u201eZufall oder Schickung?\u201c \u00b7 Werbung mit einem Textschnipsel (II). In: Karl May in Leipzig \u00b7 35. Jahrgang, Nr. 137. Leipzig, Freundeskreis Karl May Leipzig, Juni 2024; S. 8\u201310.<\/p>\n\n\n\n<div style=\"height:60px\" aria-hidden=\"true\" class=\"wp-block-spacer\"><\/div>\n\n\n\n<div class=\"wp-block-otfm-box-spoiler-end otfm-sp_end\"><\/div>\n\n\n\n<div class=\"wp-block-otfm-box-spoiler-start otfm-sp__wrapper otfm-sp__box js-otfm-sp-box__closed otfm-sp__bdcebe\" role=\"button\" tabindex=\"0\" aria-expanded=\"false\" data-otfm-spc=\"#bdcebe\" style=\"text-align:left\"><div class=\"otfm-sp__title\"><strong>Der Kutb.<\/strong> In: <em>Kremser Zeitung.<\/em> 1894.<\/div><\/div>\n\n\n\n<div style=\"height:10px\" aria-hidden=\"true\" class=\"wp-block-spacer\"><\/div>\n\n\n\n<p class=\"has-medium-font-size\">Titelaufnahme:<\/p>\n\n\n\n<figure class=\"wp-block-image size-full is-resized is-style-default fl mt0\"><a href=\"https:\/\/www.karl-may.berlin\/wordpress\/wp-content\/uploads\/2024\/07\/2528-kutb-krems.jpg\"><img loading=\"lazy\" decoding=\"async\" width=\"830\" height=\"1200\" src=\"https:\/\/www.karl-may.berlin\/wordpress\/wp-content\/uploads\/2024\/07\/2528-kutb-krems.jpg\" alt=\"Kutb Krems\" class=\"wp-image-7199\" style=\"width:300px\" srcset=\"https:\/\/www.karl-may.berlin\/wordpress\/wp-content\/uploads\/2024\/07\/2528-kutb-krems.jpg 830w, https:\/\/www.karl-may.berlin\/wordpress\/wp-content\/uploads\/2024\/07\/2528-kutb-krems-208x300.jpg 208w, https:\/\/www.karl-may.berlin\/wordpress\/wp-content\/uploads\/2024\/07\/2528-kutb-krems-708x1024.jpg 708w, https:\/\/www.karl-may.berlin\/wordpress\/wp-content\/uploads\/2024\/07\/2528-kutb-krems-768x1110.jpg 768w\" sizes=\"auto, (max-width: 830px) 100vw, 830px\" \/><\/a><figcaption class=\"wp-element-caption\">Annonce mit Leseprobe (neu montiert)<\/figcaption><\/figure>\n\n\n\n<figure class=\"wp-block-table bibliografie zelle1 is-style-regular\"><table><tbody><tr><td>Autor:<\/td><td>Karl [Friedrich] May<\/td><\/tr><tr><td>Titel:<\/td><td>Der Kutb.<\/td><\/tr><tr><td>Untertitel:<\/td><td>Reiseerz\u00e4hlung von Dr. Karl May.<\/td><\/tr><tr><td>Erschienen:<\/td><td>15. September 1894<\/td><\/tr><tr><td>Digitalisat:<\/td><td><a href=\"https:\/\/anno.onb.ac.at\/cgi-content\/anno?aid=kvb&amp;datum=18940916&amp;seite=10\" target=\"_blank\" rel=\"noreferrer noopener\">\u00d6sterreichische Nationalbibliothek<\/a><\/td><\/tr><tr><td>Bemerkung:<\/td><td><em>Leseprobe als Werbung f\u00fcr den Jahrgang 1895 von \u201eBenziger\u2019s Marien-Kalender\u201c.<\/em><\/td><\/tr><\/tbody><\/table><\/figure>\n\n\n\n<div style=\"height:1px\" aria-hidden=\"true\" class=\"wp-block-spacer\"><\/div>\n\n\n\n<p class=\"has-medium-font-size\">Unter der Spitzmarke \u201eB\u00fcchertisch\u201c auf Seite 10 in Nr. 37. von:<\/p>\n\n\n\n<figure class=\"wp-block-image size-full is-style-default\"><a href=\"https:\/\/www.karl-may.berlin\/wordpress\/wp-content\/uploads\/2024\/07\/2828-kremser-TK.jpg\"><img loading=\"lazy\" decoding=\"async\" width=\"1800\" height=\"683\" src=\"https:\/\/www.karl-may.berlin\/wordpress\/wp-content\/uploads\/2024\/07\/2828-kremser-TK.jpg\" alt=\"Kremser TK\" class=\"wp-image-7200\" srcset=\"https:\/\/www.karl-may.berlin\/wordpress\/wp-content\/uploads\/2024\/07\/2828-kremser-TK.jpg 1800w, https:\/\/www.karl-may.berlin\/wordpress\/wp-content\/uploads\/2024\/07\/2828-kremser-TK-300x114.jpg 300w, https:\/\/www.karl-may.berlin\/wordpress\/wp-content\/uploads\/2024\/07\/2828-kremser-TK-1024x389.jpg 1024w, https:\/\/www.karl-may.berlin\/wordpress\/wp-content\/uploads\/2024\/07\/2828-kremser-TK-768x291.jpg 768w, https:\/\/www.karl-may.berlin\/wordpress\/wp-content\/uploads\/2024\/07\/2828-kremser-TK-1536x583.jpg 1536w\" sizes=\"auto, (max-width: 1800px) 100vw, 1800px\" \/><\/a><figcaption class=\"wp-element-caption\">Titelkopf<\/figcaption><\/figure>\n\n\n\n<figure class=\"wp-block-table bibliografie zelle1 is-style-regular\"><table><tbody><tr><td>Titelkopf:<\/td><td>Kremser Zeitung.<\/td><\/tr><tr><td>Untertitel:<\/td><td>Gegr\u00fcndet als \u201eKremser Volksblatt\u201c von Josef Kinzl. \u2014 Beilage: \u201eChristliche Hausbl\u00e4tter\u201c.<\/td><\/tr><tr><td>Jahrgang:<\/td><td>25. Jahrgang<\/td><\/tr><tr><td>Redaktion:<\/td><td>Herausgeber, verantw[ortlicher] Redacteur: J[osef] Kehl<\/td><\/tr><tr><td>Turnus:<\/td><td>Erscheit jeden Samstag nachmittags mit dem Datum des n\u00e4chstfolgenden Tages.<\/td><\/tr><tr><td>Ort:<\/td><td>Krems<\/td><\/tr><tr><td>Verlag:<\/td><td>Eigenth\u00fcmer: Der kath.-patr. Volks- und Pre\u00dfverein f\u00fcr Nieder\u00f6sterreich. Verleger J[osef] Kehl.<\/td><\/tr><tr><td>Druck:<\/td><td>Vereinsdruckerei (J[osef] Kehl) in Krems a[n] d[er] Donau.<\/td><\/tr><tr><td>Erschienen:<\/td><td>Sonntag den 16. [vielmehr Samstag den 15.] September 1894.<\/td><\/tr><tr><td>Format:<\/td><td>4\u00ba (Quarto)<\/td><\/tr><\/tbody><\/table><\/figure>\n\n\n\n<div class=\"isbnissn\">\u2039ISSN 0170-5105\u203a<\/div>\n\n\n\n<p class=\"literaturverzeichnis has-medium-font-size\"><span class=\"harvard\">Referenzartikel<\/span> Martin Schulz: \u201eZufall oder Schickung?\u201c \u00b7 Werbung mit einem Textschnipsel (II). In: Karl May in Leipzig \u00b7 35. Jahrgang, Nr. 137. Leipzig, Freundeskreis Karl May Leipzig, Juni 2024; S. 8\u201310.<\/p>\n\n\n\n<div style=\"height:60px\" aria-hidden=\"true\" class=\"wp-block-spacer\"><\/div>\n\n\n\n<div class=\"wp-block-otfm-box-spoiler-end otfm-sp_end\"><\/div>\n\n\n\n<div class=\"wp-block-otfm-box-spoiler-start otfm-sp__wrapper otfm-sp__box js-otfm-sp-box__closed otfm-sp__bdcebe\" role=\"button\" tabindex=\"0\" aria-expanded=\"false\" data-otfm-spc=\"#bdcebe\" style=\"text-align:left\"><div class=\"otfm-sp__title\"><strong>Der Kutb.<\/strong> In: <em>Linzer Volksblatt.<\/em> 1894.<\/div><\/div>\n\n\n\n<div style=\"height:10px\" aria-hidden=\"true\" class=\"wp-block-spacer\"><\/div>\n\n\n\n<p class=\"has-medium-font-size\">Titelaufnahme:<\/p>\n\n\n\n<figure class=\"wp-block-image size-full is-resized is-style-default border fl mt0\"><a href=\"https:\/\/www.karl-may.berlin\/wordpress\/wp-content\/uploads\/2024\/07\/2828-kutb-linz.jpg\"><img loading=\"lazy\" decoding=\"async\" width=\"543\" height=\"1200\" src=\"https:\/\/www.karl-may.berlin\/wordpress\/wp-content\/uploads\/2024\/07\/2828-kutb-linz.jpg\" alt=\"Kutb Linz\" class=\"wp-image-7089\" style=\"width:300px\" srcset=\"https:\/\/www.karl-may.berlin\/wordpress\/wp-content\/uploads\/2024\/07\/2828-kutb-linz.jpg 543w, https:\/\/www.karl-may.berlin\/wordpress\/wp-content\/uploads\/2024\/07\/2828-kutb-linz-136x300.jpg 136w, https:\/\/www.karl-may.berlin\/wordpress\/wp-content\/uploads\/2024\/07\/2828-kutb-linz-463x1024.jpg 463w\" sizes=\"auto, (max-width: 543px) 100vw, 543px\" \/><\/a><figcaption class=\"wp-element-caption\">Annonce mit Leseprobe<\/figcaption><\/figure>\n\n\n\n<figure class=\"wp-block-table bibliografie zelle1 is-style-regular\"><table><tbody><tr><td>Autor:<\/td><td>Karl [Friedrich] May<\/td><\/tr><tr><td>Titel:<\/td><td>Der Kutb.<\/td><\/tr><tr><td>Untertitel:<\/td><td>Reiseerz\u00e4hlung von Dr. Karl May.<\/td><\/tr><tr><td>Erschienen [1]:<\/td><td>18. August 1894<\/td><\/tr><tr><td>Digitalisat [1]:<\/td><td><a href=\"https:\/\/anno.onb.ac.at\/cgi-content\/anno?aid=lvb&amp;datum=18940819&amp;seite=5\" target=\"_blank\" rel=\"noreferrer noopener\">\u00d6sterreichische Nationalbibliothek<\/a><\/td><\/tr><tr><td>Erschienen [2]:<\/td><td>25. August 1894<\/td><\/tr><tr><td>Digitalisat [2]:<\/td><td><a href=\"https:\/\/anno.onb.ac.at\/cgi-content\/anno?aid=lvb&amp;datum=18940826&amp;seite=6\" target=\"_blank\" rel=\"noreferrer noopener\">\u00d6sterreichische Nationalbibliothek<\/a><\/td><\/tr><tr><td>Bemerkung:<\/td><td><em>Leseprobe als Werbung f\u00fcr den Jahrgang 1895 von \u201eBenziger\u2019s Marien-Kalender\u201c.<\/em><\/td><\/tr><\/tbody><\/table><\/figure>\n\n\n\n<div style=\"height:1px\" aria-hidden=\"true\" class=\"wp-block-spacer\"><\/div>\n\n\n\n<p class=\"has-medium-font-size\">Seite 6 in Nr. 189. <em>und<\/em> Nr. 195. von:<\/p>\n\n\n\n<figure class=\"wp-block-image size-full is-style-default\"><a href=\"https:\/\/www.karl-may.berlin\/wordpress\/wp-content\/uploads\/2024\/07\/2528-linzer-vb-TK.jpg\"><img loading=\"lazy\" decoding=\"async\" width=\"1800\" height=\"564\" src=\"https:\/\/www.karl-may.berlin\/wordpress\/wp-content\/uploads\/2024\/07\/2528-linzer-vb-TK.jpg\" alt=\"Linzer Volksblatt TK\" class=\"wp-image-7090\" srcset=\"https:\/\/www.karl-may.berlin\/wordpress\/wp-content\/uploads\/2024\/07\/2528-linzer-vb-TK.jpg 1800w, https:\/\/www.karl-may.berlin\/wordpress\/wp-content\/uploads\/2024\/07\/2528-linzer-vb-TK-300x94.jpg 300w, https:\/\/www.karl-may.berlin\/wordpress\/wp-content\/uploads\/2024\/07\/2528-linzer-vb-TK-1024x321.jpg 1024w, https:\/\/www.karl-may.berlin\/wordpress\/wp-content\/uploads\/2024\/07\/2528-linzer-vb-TK-768x241.jpg 768w, https:\/\/www.karl-may.berlin\/wordpress\/wp-content\/uploads\/2024\/07\/2528-linzer-vb-TK-1536x481.jpg 1536w\" sizes=\"auto, (max-width: 1800px) 100vw, 1800px\" \/><\/a><figcaption class=\"wp-element-caption\">Titelkopf<\/figcaption><\/figure>\n\n\n\n<figure class=\"wp-block-table bibliografie zelle1 is-style-regular\"><table><tbody><tr><td>Titelkopf:<\/td><td>Linzer Volksblatt<\/td><\/tr><tr><td>Untertitel:<\/td><td>f\u00fcr Stadt und Land.<\/td><\/tr><tr><td>Redaktion:<\/td><td>Verantwortlicher Redacteur: Johann Hauser.<\/td><\/tr><tr><td>Jahrgang:<\/td><td>XXVI. Jahrgang.<\/td><\/tr><tr><td>Turnus:<\/td><td>erscheint t\u00e4glich mit Ausnahme der Sonn- und Feiertage um 6 Uhr abends [jeweils auf den Folgetag vordatiert]<\/td><\/tr><tr><td>Ort:<\/td><td>Linz<\/td><\/tr><tr><td>Verlag:<\/td><td>Herausgeber: Der katholische Pre\u017fsverein.<\/td><\/tr><tr><td>Druck:<\/td><td>Akad[emische] Buchdruckerei des katholischen Pre\u017fsvereines in Linz (verantwortlicher Leiter Josef Hauser).<\/td><\/tr><tr><td>Erschienen:<\/td><td>Sonntag, den 19. August 1894. [recte: Samstag, den 18. August 1894] <em>und<\/em> <br>Sonntag, den 26. August 1894. [recte: Samstag, den 25. August 1894]<\/td><\/tr><tr><td>Format:<\/td><td>2\u00ba (Folio)<\/td><\/tr><\/tbody><\/table><\/figure>\n\n\n\n<div class=\"isbnissn\">\u2039ISSN 0170-5105\u203a<\/div>\n\n\n\n<p class=\"literaturverzeichnis has-medium-font-size\"><span class=\"harvard\">Referenzartikel<\/span> Martin Schulz: \u201eZufall oder Schickung?\u201c \u00b7 Werbung mit einem Textschnipsel (II). In: Karl May in Leipzig \u00b7 35. Jahrgang, Nr. 137. Leipzig, Freundeskreis Karl May Leipzig, Juni 2024; S. 8\u201310.<\/p>\n\n\n\n<div style=\"height:60px\" aria-hidden=\"true\" class=\"wp-block-spacer\"><\/div>\n\n\n\n<div class=\"wp-block-otfm-box-spoiler-end otfm-sp_end\"><\/div>\n\n\n\n<div class=\"wp-block-otfm-box-spoiler-start otfm-sp__wrapper otfm-sp__box js-otfm-sp-box__closed otfm-sp__bdcebe\" role=\"button\" tabindex=\"0\" aria-expanded=\"false\" data-otfm-spc=\"#bdcebe\" style=\"text-align:left\"><div class=\"otfm-sp__title\"><strong>Der Kutb.<\/strong> In: <em>M\u00fcnsterischer Anzeiger.<\/em> 1894.<\/div><\/div>\n\n\n\n<div style=\"height:10px\" aria-hidden=\"true\" class=\"wp-block-spacer\"><\/div>\n\n\n\n<p class=\"has-medium-font-size\">Titelaufnahme:<\/p>\n\n\n\n<figure class=\"wp-block-image size-full is-resized is-style-default border fl mt0\"><a href=\"https:\/\/www.karl-may.berlin\/wordpress\/wp-content\/uploads\/2024\/07\/2528-kutb-muenster.jpg\"><img loading=\"lazy\" decoding=\"async\" width=\"577\" height=\"1027\" src=\"https:\/\/www.karl-may.berlin\/wordpress\/wp-content\/uploads\/2024\/07\/2528-kutb-muenster.jpg\" alt=\"Kutb M\u00fcnster\" class=\"wp-image-7143\" style=\"width:300px\" srcset=\"https:\/\/www.karl-may.berlin\/wordpress\/wp-content\/uploads\/2024\/07\/2528-kutb-muenster.jpg 577w, https:\/\/www.karl-may.berlin\/wordpress\/wp-content\/uploads\/2024\/07\/2528-kutb-muenster-169x300.jpg 169w, https:\/\/www.karl-may.berlin\/wordpress\/wp-content\/uploads\/2024\/07\/2528-kutb-muenster-575x1024.jpg 575w\" sizes=\"auto, (max-width: 577px) 100vw, 577px\" \/><\/a><figcaption class=\"wp-element-caption\">Annonce mit Leseprobe<\/figcaption><\/figure>\n\n\n\n<figure class=\"wp-block-table bibliografie zelle1 is-style-regular\"><table><tbody><tr><td>Autor:<\/td><td>Karl [Friedrich] May<\/td><\/tr><tr><td>Titel:<\/td><td>Der Kutb.<\/td><\/tr><tr><td>Untertitel:<\/td><td>Reiseerz\u00e4hlung von Dr. Karl May.<\/td><\/tr><tr><td>Erschienen:<\/td><td>26. August 1894<\/td><\/tr><tr><td>Digitalisat:<\/td><td><a href=\"https:\/\/zeitpunkt.nrw\/ulbms\/periodical\/zoom\/5706322\" target=\"_blank\" rel=\"noreferrer noopener\">Zeitpunkt NRW<\/a><\/td><\/tr><tr><td>Bemerkung:<\/td><td><em>Leseprobe als Werbung f\u00fcr den Jahrgang 1895 von \u201eBenziger\u2019s Marien-Kalender\u201c.<\/em><\/td><\/tr><\/tbody><\/table><\/figure>\n\n\n\n<div style=\"height:1px\" aria-hidden=\"true\" class=\"wp-block-spacer\"><\/div>\n\n\n\n<p class=\"has-medium-font-size\">Seite (3) in Nro. 229. von:<\/p>\n\n\n\n<figure class=\"wp-block-image size-full is-style-default border\"><a href=\"https:\/\/www.karl-may.berlin\/wordpress\/wp-content\/uploads\/2024\/07\/2528-muensterischreAnzeiger-TK.jpg\"><img loading=\"lazy\" decoding=\"async\" width=\"1713\" height=\"517\" src=\"https:\/\/www.karl-may.berlin\/wordpress\/wp-content\/uploads\/2024\/07\/2528-muensterischreAnzeiger-TK.jpg\" alt=\"M\u00fcnsterischer Anzeiger TK\" class=\"wp-image-7144\" srcset=\"https:\/\/www.karl-may.berlin\/wordpress\/wp-content\/uploads\/2024\/07\/2528-muensterischreAnzeiger-TK.jpg 1713w, https:\/\/www.karl-may.berlin\/wordpress\/wp-content\/uploads\/2024\/07\/2528-muensterischreAnzeiger-TK-300x91.jpg 300w, https:\/\/www.karl-may.berlin\/wordpress\/wp-content\/uploads\/2024\/07\/2528-muensterischreAnzeiger-TK-1024x309.jpg 1024w, https:\/\/www.karl-may.berlin\/wordpress\/wp-content\/uploads\/2024\/07\/2528-muensterischreAnzeiger-TK-768x232.jpg 768w, https:\/\/www.karl-may.berlin\/wordpress\/wp-content\/uploads\/2024\/07\/2528-muensterischreAnzeiger-TK-1536x464.jpg 1536w\" sizes=\"auto, (max-width: 1713px) 100vw, 1713px\" \/><\/a><figcaption class=\"wp-element-caption\">Titelkopf<\/figcaption><\/figure>\n\n\n\n<figure class=\"wp-block-table bibliografie zelle1 is-style-regular\"><table><tbody><tr><td>Titelkopf:<\/td><td>M\u00fcnsterischer Anzeiger<\/td><\/tr><tr><td>Untertitel [1]:<\/td><td>und Volkszeitung.<\/td><\/tr><tr><td>Untertitel [2]:<\/td><td>F\u00fcr Wahrheit, Recht und Freiheit.<\/td><\/tr><tr><td>Ausgabe:<\/td><td>Erste Ausgabe.<\/td><\/tr><tr><td>Redaktion:<\/td><td>Verantwortlicher Redacteur: Rudolf Strietholt in M\u00fcnster<\/td><\/tr><tr><td>Jahrgang:<\/td><td>43. Jahrgang.<\/td><\/tr><tr><td>Turnus:<\/td><td>T\u00e4glich erscheinen 2 Ausgaben (Sonntags eine). Samstags wird an Stelle der zweiten Ausgabe ein illustrirtes Unterhaltungsblatt unberechnet beigelegt.<\/td><\/tr><tr><td>Ort:<\/td><td>M\u00fcnster [i]n W[estfalen]<\/td><\/tr><tr><td>Verlag:<\/td><td>Verlag der Aschendorffschen Buchhandlung<\/td><\/tr><tr><td>Druck:<\/td><td>Druck der Aschendorffschen Buchhandlung in M\u00fcnster<\/td><\/tr><tr><td>Erschienen:<\/td><td>Sonntag, den 26. August 1894.<\/td><\/tr><tr><td>Format:<\/td><td>2\u00ba (Folio)<\/td><\/tr><\/tbody><\/table><\/figure>\n\n\n\n<div class=\"isbnissn\">\u2039ISSN 0170-5105\u203a<\/div>\n\n\n\n<p class=\"literaturverzeichnis has-medium-font-size\"><span class=\"harvard\">Referenzartikel<\/span> Martin Schulz: \u201eZufall oder Schickung?\u201c \u00b7 Werbung mit einem Textschnipsel (II). In: Karl May in Leipzig \u00b7 35. Jahrgang, Nr. 137. Leipzig, Freundeskreis Karl May Leipzig, Juni 2024; S. 8\u201310.<\/p>\n\n\n\n<div style=\"height:60px\" aria-hidden=\"true\" class=\"wp-block-spacer\"><\/div>\n\n\n\n<div class=\"wp-block-otfm-box-spoiler-end otfm-sp_end\"><\/div>\n\n\n\n<div class=\"wp-block-otfm-box-spoiler-start otfm-sp__wrapper otfm-sp__box js-otfm-sp-box__closed otfm-sp__bdcebe\" role=\"button\" tabindex=\"0\" aria-expanded=\"false\" data-otfm-spc=\"#bdcebe\" style=\"text-align:left\"><div class=\"otfm-sp__title\"><strong>Der Kutb.<\/strong> [f\u00e4lschlich: Der Kutl.] In: <em>Obermosel-Zeitung.<\/em> 1894.<\/div><\/div>\n\n\n\n<div style=\"height:10px\" aria-hidden=\"true\" class=\"wp-block-spacer\"><\/div>\n\n\n\n<p class=\"has-medium-font-size\">Titelaufnahme:<\/p>\n\n\n\n<figure class=\"wp-block-image size-full is-resized is-style-default fl mt0\"><a href=\"https:\/\/www.karl-may.berlin\/wordpress\/wp-content\/uploads\/2024\/07\/2828-kutb-lux.jpg\"><img loading=\"lazy\" decoding=\"async\" width=\"523\" height=\"1200\" src=\"https:\/\/www.karl-may.berlin\/wordpress\/wp-content\/uploads\/2024\/07\/2828-kutb-lux.jpg\" alt=\"Kutb Luxemburg\" class=\"wp-image-7065\" style=\"width:300px\" srcset=\"https:\/\/www.karl-may.berlin\/wordpress\/wp-content\/uploads\/2024\/07\/2828-kutb-lux.jpg 523w, https:\/\/www.karl-may.berlin\/wordpress\/wp-content\/uploads\/2024\/07\/2828-kutb-lux-131x300.jpg 131w, https:\/\/www.karl-may.berlin\/wordpress\/wp-content\/uploads\/2024\/07\/2828-kutb-lux-446x1024.jpg 446w\" sizes=\"auto, (max-width: 523px) 100vw, 523px\" \/><\/a><figcaption class=\"wp-element-caption\">Annonce mit Leseprobe (neu montiert)<\/figcaption><\/figure>\n\n\n\n<figure class=\"wp-block-table bibliografie zelle1 is-style-regular\"><table><tbody><tr><td>Autor:<\/td><td>Karl [Friedrich] May<\/td><\/tr><tr><td>Titel:<\/td><td>Der Kutl. [vielmehr: Der Kutb.]<\/td><\/tr><tr><td>Untertitel:<\/td><td>Reiseerz\u00e4hlung von Dr. Karl May.<\/td><\/tr><tr><td>Erschienen [1]:<\/td><td>17. August 1894<\/td><\/tr><tr><td>Digitalisat [1]:<\/td><td><a href=\"https:\/\/viewer.eluxemburgensia.lu\/ark:70795\/jgrs5p\/pages\/3\/articles\/DTL48\" target=\"_blank\" rel=\"noreferrer noopener\">eLuxemburgensia<\/a><\/td><\/tr><tr><td>Erschienen [2]:<\/td><td>28. August 1894<\/td><\/tr><tr><td>Digitalisat [2]:<\/td><td><a href=\"https:\/\/viewer.eluxemburgensia.lu\/ark:70795\/41brvb\/pages\/3\/articles\/DTL53\" target=\"_blank\" rel=\"noreferrer noopener\">eLuxemburgensia<\/a><\/td><\/tr><tr><td>Bemerkung:<\/td><td><em>Leseprobe als Werbung f\u00fcr den Jahrgang 1895 von \u201eBenziger\u2019s Marien-Kalender\u201c.<\/em><\/td><\/tr><\/tbody><\/table><\/figure>\n\n\n\n<div style=\"height:1px\" aria-hidden=\"true\" class=\"wp-block-spacer\"><\/div>\n\n\n\n<p class=\"has-medium-font-size\">Unter der Spitzmarke \u201eVermischtes.\u201c auf Seite (3) in No. 66. <em>und<\/em> No. 69 von:<\/p>\n\n\n\n<figure class=\"wp-block-image size-full is-style-default\"><a href=\"https:\/\/www.karl-may.berlin\/wordpress\/wp-content\/uploads\/2024\/07\/2528-obermosel-TK.jpg\"><img loading=\"lazy\" decoding=\"async\" width=\"1800\" height=\"250\" src=\"https:\/\/www.karl-may.berlin\/wordpress\/wp-content\/uploads\/2024\/07\/2528-obermosel-TK.jpg\" alt=\"Obermosel-Zeitung TK\" class=\"wp-image-7066\" srcset=\"https:\/\/www.karl-may.berlin\/wordpress\/wp-content\/uploads\/2024\/07\/2528-obermosel-TK.jpg 1800w, https:\/\/www.karl-may.berlin\/wordpress\/wp-content\/uploads\/2024\/07\/2528-obermosel-TK-300x42.jpg 300w, https:\/\/www.karl-may.berlin\/wordpress\/wp-content\/uploads\/2024\/07\/2528-obermosel-TK-1024x142.jpg 1024w, https:\/\/www.karl-may.berlin\/wordpress\/wp-content\/uploads\/2024\/07\/2528-obermosel-TK-768x107.jpg 768w, https:\/\/www.karl-may.berlin\/wordpress\/wp-content\/uploads\/2024\/07\/2528-obermosel-TK-1536x213.jpg 1536w\" sizes=\"auto, (max-width: 1800px) 100vw, 1800px\" \/><\/a><figcaption class=\"wp-element-caption\">Titelkopf<\/figcaption><\/figure>\n\n\n\n<figure class=\"wp-block-table bibliografie zelle1 is-style-regular\"><table><tbody><tr><td>Titelkopf:<\/td><td>Obermosel-Zeitung<\/td><\/tr><tr><td>Untertitel:<\/td><td>Meistverbreitete Zeitung des Gro\u00dfherzogtums Luxemburg.<\/td><\/tr><tr><td>Jahrgang:<\/td><td>Vierzehnter Jahrgang.<\/td><\/tr><tr><td>Turnus:<\/td><td>Wird Dienstags und Freitags gedruckt<\/td><\/tr><tr><td>Ort:<\/td><td>Grevenmacher<\/td><\/tr><tr><td>Verlag:<\/td><td>Verlag von J[osef] Esslen<\/td><\/tr><tr><td>Druck:<\/td><td>Druck von J[osef] Esslen in Grevenmacher<\/td><\/tr><tr><td>Erschienen:<\/td><td>Freitag, 17. August <em>und<\/em> Freitag, 24. August 1894<\/td><\/tr><tr><td>Format:<\/td><td>2\u00ba (Folio)<\/td><\/tr><\/tbody><\/table><\/figure>\n\n\n\n<div class=\"isbnissn\">\u2039ISSN 0170-5105\u203a<\/div>\n\n\n\n<p class=\"literaturverzeichnis has-medium-font-size\"><span class=\"harvard\">Referenzartikel<\/span> Martin Schulz: \u201eZufall oder Schickung?\u201c \u00b7 Werbung mit einem Textschnipsel (II). In: Karl May in Leipzig \u00b7 35. Jahrgang, Nr. 137. Leipzig, Freundeskreis Karl May Leipzig, Juni 2024; S. 8\u201310.<\/p>\n\n\n\n<div style=\"height:60px\" aria-hidden=\"true\" class=\"wp-block-spacer\"><\/div>\n\n\n\n<div class=\"wp-block-otfm-box-spoiler-end otfm-sp_end\"><\/div>\n\n\n\n<div class=\"wp-block-otfm-box-spoiler-start otfm-sp__wrapper otfm-sp__box js-otfm-sp-box__closed otfm-sp__bdcebe\" role=\"button\" tabindex=\"0\" aria-expanded=\"false\" data-otfm-spc=\"#bdcebe\" style=\"text-align:left\"><div class=\"otfm-sp__title\"><strong>Der Kutb.<\/strong> In: <em>Die Ostschweiz.<\/em> 1894.<\/div><\/div>\n\n\n\n<div style=\"height:10px\" aria-hidden=\"true\" class=\"wp-block-spacer\"><\/div>\n\n\n\n<p class=\"has-medium-font-size\">Titelaufnahme:<\/p>\n\n\n\n<figure class=\"wp-block-image size-full is-resized is-style-default fl mt0\"><a href=\"https:\/\/www.karl-may.berlin\/wordpress\/wp-content\/uploads\/2024\/07\/2528-kutb-ostschweiz.jpg\"><img loading=\"lazy\" decoding=\"async\" width=\"1017\" height=\"1200\" src=\"https:\/\/www.karl-may.berlin\/wordpress\/wp-content\/uploads\/2024\/07\/2528-kutb-ostschweiz.jpg\" alt=\"\" class=\"wp-image-7028\" style=\"width:300px\" srcset=\"https:\/\/www.karl-may.berlin\/wordpress\/wp-content\/uploads\/2024\/07\/2528-kutb-ostschweiz.jpg 1017w, https:\/\/www.karl-may.berlin\/wordpress\/wp-content\/uploads\/2024\/07\/2528-kutb-ostschweiz-254x300.jpg 254w, https:\/\/www.karl-may.berlin\/wordpress\/wp-content\/uploads\/2024\/07\/2528-kutb-ostschweiz-868x1024.jpg 868w, https:\/\/www.karl-may.berlin\/wordpress\/wp-content\/uploads\/2024\/07\/2528-kutb-ostschweiz-768x906.jpg 768w\" sizes=\"auto, (max-width: 1017px) 100vw, 1017px\" \/><\/a><figcaption class=\"wp-element-caption\">Annonce mit Leseprobe<\/figcaption><\/figure>\n\n\n\n<figure class=\"wp-block-table bibliografie zelle1 is-style-regular\"><table><tbody><tr><td>Autor:<\/td><td>Karl [Friedrich] May<\/td><\/tr><tr><td>Titel:<\/td><td>Der Kutb.<\/td><\/tr><tr><td>Untertitel:<\/td><td>Reiseerz\u00e4hlung von Dr. Karl May.<\/td><\/tr><tr><td>Erschienen:<\/td><td>11. August 1894<\/td><\/tr><tr><td>Digitalisat:<\/td><td><a href=\"http:\/\/www.e-newspaperarchives.ch\/?a=d&amp;d=OSZ18940811-01.1.3\" target=\"_blank\" rel=\"noreferrer noopener\">e-newspaperarchives.ch<\/a><\/td><\/tr><tr><td>Bemerkung:<\/td><td><em>Leseprobe als Werbung f\u00fcr den Jahrgang 1895 von \u201eBenziger\u2019s Marien-Kalender\u201c.<\/em><\/td><\/tr><\/tbody><\/table><\/figure>\n\n\n\n<div style=\"height:1px\" aria-hidden=\"true\" class=\"wp-block-spacer\"><\/div>\n\n\n\n<p class=\"has-medium-font-size\">Seite (3) in \u2116 183 von:<\/p>\n\n\n\n<figure class=\"wp-block-image size-full is-style-default\"><a href=\"https:\/\/www.karl-may.berlin\/wordpress\/wp-content\/uploads\/2024\/07\/2528-ostschweiz-TK.jpg\"><img loading=\"lazy\" decoding=\"async\" width=\"1800\" height=\"577\" src=\"https:\/\/www.karl-may.berlin\/wordpress\/wp-content\/uploads\/2024\/07\/2528-ostschweiz-TK.jpg\" alt=\"Ostschweiz 1894 TK\" class=\"wp-image-7029\" srcset=\"https:\/\/www.karl-may.berlin\/wordpress\/wp-content\/uploads\/2024\/07\/2528-ostschweiz-TK.jpg 1800w, https:\/\/www.karl-may.berlin\/wordpress\/wp-content\/uploads\/2024\/07\/2528-ostschweiz-TK-300x96.jpg 300w, https:\/\/www.karl-may.berlin\/wordpress\/wp-content\/uploads\/2024\/07\/2528-ostschweiz-TK-1024x328.jpg 1024w, https:\/\/www.karl-may.berlin\/wordpress\/wp-content\/uploads\/2024\/07\/2528-ostschweiz-TK-768x246.jpg 768w, https:\/\/www.karl-may.berlin\/wordpress\/wp-content\/uploads\/2024\/07\/2528-ostschweiz-TK-1536x492.jpg 1536w\" sizes=\"auto, (max-width: 1800px) 100vw, 1800px\" \/><\/a><figcaption class=\"wp-element-caption\">Titelkopf<\/figcaption><\/figure>\n\n\n\n<figure class=\"wp-block-table bibliografie zelle1 is-style-regular\"><table><tbody><tr><td>Titelkopf:<\/td><td>Die Ostschweiz.<\/td><\/tr><tr><td>Redaktion:<\/td><td>Verantwortlicher Redaktor: G. Baumberger<\/td><\/tr><tr><td>Jahrgang:<\/td><td>XXI. Jahrgang.<\/td><\/tr><tr><td>Turnus:<\/td><td>Erscheint t\u00e4glich mit Ausnahme der Sonn- und Feiertage.<\/td><\/tr><tr><td>Ort:<\/td><td>St. Gallen<\/td><\/tr><tr><td>Verlag:<\/td><td>[Verlag der \u201eOstschweiz\u201c (Joh. Gottfried Moosberger)]<\/td><\/tr><tr><td>Druck:<\/td><td>Buchdruckerei der \u201eOstschweiz\u201c.<\/td><\/tr><tr><td>Erschienen:<\/td><td>Samstag den 11. August 1894.<\/td><\/tr><tr><td>Format:<\/td><td>2\u00ba (Folio)<\/td><\/tr><\/tbody><\/table><\/figure>\n\n\n\n<div class=\"isbnissn\">\u2039ISSN 0170-5105\u203a<\/div>\n\n\n\n<p class=\"literaturverzeichnis has-medium-font-size\"><span class=\"harvard\">Referenzartikel<\/span> Martin Schulz: \u201eZufall oder Schickung?\u201c \u00b7 Werbung mit einem Textschnipsel (II). In: Karl May in Leipzig \u00b7 35. Jahrgang, Nr. 137. Leipzig, Freundeskreis Karl May Leipzig, Juni 2024; S. 8\u201310.<\/p>\n\n\n\n<div style=\"height:60px\" aria-hidden=\"true\" class=\"wp-block-spacer\"><\/div>\n\n\n\n<div class=\"wp-block-otfm-box-spoiler-end otfm-sp_end\"><\/div>\n\n\n\n<div class=\"wp-block-otfm-box-spoiler-start otfm-sp__wrapper otfm-sp__box js-otfm-sp-box__closed otfm-sp__bdcebe\" role=\"button\" tabindex=\"0\" aria-expanded=\"false\" data-otfm-spc=\"#bdcebe\" style=\"text-align:left\"><div class=\"otfm-sp__title\"><strong>Der Kutb.<\/strong> In: <em>St. P\u00f6ltner Zeitung.<\/em> 1894.<\/div><\/div>\n\n\n\n<div style=\"height:10px\" aria-hidden=\"true\" class=\"wp-block-spacer\"><\/div>\n\n\n\n<p class=\"has-medium-font-size\">Titelaufnahme:<\/p>\n\n\n\n<figure class=\"wp-block-image size-full is-resized is-style-default fl mt0\"><a href=\"https:\/\/www.karl-may.berlin\/wordpress\/wp-content\/uploads\/2024\/07\/2528-kutb-stpoelten.jpg\"><img loading=\"lazy\" decoding=\"async\" width=\"379\" height=\"1200\" src=\"https:\/\/www.karl-may.berlin\/wordpress\/wp-content\/uploads\/2024\/07\/2528-kutb-stpoelten.jpg\" alt=\"Kutb St. P\u00f6lten\" class=\"wp-image-7109\" style=\"width:300px\" srcset=\"https:\/\/www.karl-may.berlin\/wordpress\/wp-content\/uploads\/2024\/07\/2528-kutb-stpoelten.jpg 379w, https:\/\/www.karl-may.berlin\/wordpress\/wp-content\/uploads\/2024\/07\/2528-kutb-stpoelten-95x300.jpg 95w, https:\/\/www.karl-may.berlin\/wordpress\/wp-content\/uploads\/2024\/07\/2528-kutb-stpoelten-323x1024.jpg 323w\" sizes=\"auto, (max-width: 379px) 100vw, 379px\" \/><\/a><figcaption class=\"wp-element-caption\">Annonce mit Leseprobe<\/figcaption><\/figure>\n\n\n\n<figure class=\"wp-block-table bibliografie zelle1 is-style-regular\"><table><tbody><tr><td>Autor:<\/td><td>Karl [Friedrich] May<\/td><\/tr><tr><td>Titel:<\/td><td>Der Kutb.<\/td><\/tr><tr><td>Untertitel:<\/td><td>Reiseerz\u00e4hlung von Dr. Karl May.<\/td><\/tr><tr><td>Erschienen:<\/td><td>23. August 1894<\/td><\/tr><tr><td>Digitalisat:<\/td><td><a href=\"https:\/\/anno.onb.ac.at\/cgi-content\/anno?aid=dsp&amp;datum=18940823&amp;seite=9\" target=\"_blank\" rel=\"noreferrer noopener\">\u00d6sterreichische Nationalbibliothek<\/a><\/td><\/tr><tr><td>Bemerkung:<\/td><td><em>Leseprobe als Werbung f\u00fcr den Jahrgang 1895 von \u201eBenziger\u2019s Marien-Kalender\u201c.<\/em><\/td><\/tr><\/tbody><\/table><\/figure>\n\n\n\n<div style=\"height:1px\" aria-hidden=\"true\" class=\"wp-block-spacer\"><\/div>\n\n\n\n<p class=\"has-medium-font-size\">Seite 9 in Nr. 193. von:<\/p>\n\n\n\n<figure class=\"wp-block-image size-full is-style-default\"><a href=\"https:\/\/www.karl-may.berlin\/wordpress\/wp-content\/uploads\/2024\/07\/2528-st-poeltner-TK.jpg\"><img loading=\"lazy\" decoding=\"async\" width=\"1800\" height=\"819\" src=\"https:\/\/www.karl-may.berlin\/wordpress\/wp-content\/uploads\/2024\/07\/2528-st-poeltner-TK.jpg\" alt=\"St. P\u00f6ltner Zeitung TK\" class=\"wp-image-7110\" srcset=\"https:\/\/www.karl-may.berlin\/wordpress\/wp-content\/uploads\/2024\/07\/2528-st-poeltner-TK.jpg 1800w, https:\/\/www.karl-may.berlin\/wordpress\/wp-content\/uploads\/2024\/07\/2528-st-poeltner-TK-300x137.jpg 300w, https:\/\/www.karl-may.berlin\/wordpress\/wp-content\/uploads\/2024\/07\/2528-st-poeltner-TK-1024x466.jpg 1024w, https:\/\/www.karl-may.berlin\/wordpress\/wp-content\/uploads\/2024\/07\/2528-st-poeltner-TK-768x349.jpg 768w, https:\/\/www.karl-may.berlin\/wordpress\/wp-content\/uploads\/2024\/07\/2528-st-poeltner-TK-1536x699.jpg 1536w\" sizes=\"auto, (max-width: 1800px) 100vw, 1800px\" \/><\/a><figcaption class=\"wp-element-caption\">Titelkopf<\/figcaption><\/figure>\n\n\n\n<figure class=\"wp-block-table bibliografie zelle1 is-style-regular\"><table><tbody><tr><td>Titelkopf:<\/td><td>St. P\u00f6ltner Zeitung<\/td><\/tr><tr><td>Untertitel [1]:<\/td><td>Gegr\u00fcndet als \u201eSt. P\u00f6ltner Bote\u201c.<\/td><\/tr><tr><td>Untertitel [2]:<\/td><td>Motto: Mit Gott, f\u00fcr Volk, Wahrheit und Recht.<\/td><\/tr><tr><td>Redaktion:<\/td><td>F\u00fcr die Redaction verantwortlich: Johann Danninger.<\/td><\/tr><tr><td>Jahrgang:<\/td><td>34. Jahrg[ang].<\/td><\/tr><tr><td>Turnus:<\/td><td>Erscheint jeden Donnerstag Vormittag.<\/td><\/tr><tr><td>Ort:<\/td><td>St. P\u00f6lten<\/td><\/tr><tr><td>Verlag:<\/td><td>Eigenth\u00fcmer, Herausgeber und Verleger: Der kath[olisch]=patr[iotische] Volks= und Pre\u017fsverein f\u00fcr Nieder\u00f6sterreich.<\/td><\/tr><tr><td>Druck:<\/td><td>Buchdruckerei des kath[olisch]=patr[iotischen] Volks= und Pre\u017fsvereines f\u00fcr Nieder\u00f6sterreich in St. P\u00f6lten. \u2014 Verantwortlicher Leiter: Franz Chamra.<\/td><\/tr><tr><td>Erschienen:<\/td><td>Donnerstag den 23. August 1894.<\/td><\/tr><tr><td>Format:<\/td><td>4\u00ba (Quarto)<\/td><\/tr><\/tbody><\/table><\/figure>\n\n\n\n<div class=\"isbnissn\">\u2039ISSN 0170-5105\u203a<\/div>\n\n\n\n<p class=\"literaturverzeichnis has-medium-font-size\"><span class=\"harvard\">Referenzartikel<\/span> Martin Schulz: \u201eZufall oder Schickung?\u201c \u00b7 Werbung mit einem Textschnipsel (II). In: Karl May in Leipzig \u00b7 35. Jahrgang, Nr. 137. Leipzig, Freundeskreis Karl May Leipzig, Juni 2024; S. 8\u201310.<\/p>\n\n\n\n<div style=\"height:60px\" aria-hidden=\"true\" class=\"wp-block-spacer\"><\/div>\n\n\n\n<div class=\"wp-block-otfm-box-spoiler-end otfm-sp_end\"><\/div>\n\n\n\n<div class=\"wp-block-otfm-box-spoiler-start otfm-sp__wrapper otfm-sp__box js-otfm-sp-box__closed otfm-sp__bdcebe\" role=\"button\" tabindex=\"0\" aria-expanded=\"false\" data-otfm-spc=\"#bdcebe\" style=\"text-align:left\"><div class=\"otfm-sp__title\"><strong>Der Kutb.<\/strong> In: <em>Tag- und Anzeigblatt.<\/em> 1894.<\/div><\/div>\n\n\n\n<div style=\"height:10px\" aria-hidden=\"true\" class=\"wp-block-spacer\"><\/div>\n\n\n\n<p class=\"has-medium-font-size\">Titelaufnahme:<\/p>\n\n\n\n<figure class=\"wp-block-image size-full is-resized is-style-default fl mt0\"><a href=\"https:\/\/www.karl-may.berlin\/wordpress\/wp-content\/uploads\/2024\/07\/2528-kutb-dillingen.jpg\"><img loading=\"lazy\" decoding=\"async\" width=\"823\" height=\"1200\" src=\"https:\/\/www.karl-may.berlin\/wordpress\/wp-content\/uploads\/2024\/07\/2528-kutb-dillingen.jpg\" alt=\"Kutb Dillingen\" class=\"wp-image-7151\" style=\"width:300px\" srcset=\"https:\/\/www.karl-may.berlin\/wordpress\/wp-content\/uploads\/2024\/07\/2528-kutb-dillingen.jpg 823w, https:\/\/www.karl-may.berlin\/wordpress\/wp-content\/uploads\/2024\/07\/2528-kutb-dillingen-206x300.jpg 206w, https:\/\/www.karl-may.berlin\/wordpress\/wp-content\/uploads\/2024\/07\/2528-kutb-dillingen-702x1024.jpg 702w, https:\/\/www.karl-may.berlin\/wordpress\/wp-content\/uploads\/2024\/07\/2528-kutb-dillingen-768x1120.jpg 768w\" sizes=\"auto, (max-width: 823px) 100vw, 823px\" \/><\/a><figcaption class=\"wp-element-caption\">Annongen mit Leseprobe<\/figcaption><\/figure>\n\n\n\n<figure class=\"wp-block-table bibliografie zelle1 is-style-regular\"><table><tbody><tr><td>Autor:<\/td><td>Karl [Friedrich] May<\/td><\/tr><tr><td>Titel:<\/td><td>Der Kutb.<\/td><\/tr><tr><td>Untertitel:<\/td><td>Reiseerz\u00e4hlung von Dr. Karl May.<\/td><\/tr><tr><td>Erschienen:<\/td><td>26. August 1894<\/td><\/tr><tr><td>Digitalisat:<\/td><td><a href=\"https:\/\/digitale-sammlungen.de\/de\/view\/bsb11483274?page=195\" target=\"_blank\" rel=\"noreferrer noopener\">M\u00fcnchner DigitalisierungsZentrum<\/a><\/td><\/tr><tr><td>Bemerkung:<\/td><td><em>Leseprobe als Werbung f\u00fcr den Jahrgang 1895 von \u201eBenziger\u2019s Marien-Kalender\u201c.<\/em><\/td><\/tr><\/tbody><\/table><\/figure>\n\n\n\n<div style=\"height:1px\" aria-hidden=\"true\" class=\"wp-block-spacer\"><\/div>\n\n\n\n<p class=\"has-medium-font-size\">Seite 3 in \u2116. 193 von:<\/p>\n\n\n\n<figure class=\"wp-block-image size-full is-style-default\"><a href=\"https:\/\/www.karl-may.berlin\/wordpress\/wp-content\/uploads\/2024\/07\/2528-dillingen-TK.jpg\"><img loading=\"lazy\" decoding=\"async\" width=\"1800\" height=\"496\" src=\"https:\/\/www.karl-may.berlin\/wordpress\/wp-content\/uploads\/2024\/07\/2528-dillingen-TK.jpg\" alt=\"Tag- und Anzeigblatt Dillingen\" class=\"wp-image-7152\" srcset=\"https:\/\/www.karl-may.berlin\/wordpress\/wp-content\/uploads\/2024\/07\/2528-dillingen-TK.jpg 1800w, https:\/\/www.karl-may.berlin\/wordpress\/wp-content\/uploads\/2024\/07\/2528-dillingen-TK-300x83.jpg 300w, https:\/\/www.karl-may.berlin\/wordpress\/wp-content\/uploads\/2024\/07\/2528-dillingen-TK-1024x282.jpg 1024w, https:\/\/www.karl-may.berlin\/wordpress\/wp-content\/uploads\/2024\/07\/2528-dillingen-TK-768x212.jpg 768w, https:\/\/www.karl-may.berlin\/wordpress\/wp-content\/uploads\/2024\/07\/2528-dillingen-TK-1536x423.jpg 1536w\" sizes=\"auto, (max-width: 1800px) 100vw, 1800px\" \/><\/a><figcaption class=\"wp-element-caption\">Titelblatt<\/figcaption><\/figure>\n\n\n\n<figure class=\"wp-block-table bibliografie zelle1 is-style-regular\"><table><tbody><tr><td>Titelkopf:<\/td><td>Tag= und Anzeigblatt<\/td><\/tr><tr><td>Redaktion:<\/td><td>Redaktion von Joseph Keller in Dillingen<\/td><\/tr><tr><td>Jahrgang:<\/td><td>1894.<\/td><\/tr><tr><td>Turnus:<\/td><td>Erscheint t\u00e4glich mit Ausnahme der Tage nach den Sonn- und Feiertagen.<\/td><\/tr><tr><td>Ort:<\/td><td>Dillingen [an der Donau]<\/td><\/tr><tr><td>Verlag:<\/td><td>Verlag von Joseph Keller<\/td><\/tr><tr><td>Druck:<\/td><td>Druck von Joseph Keller in Dillingen.<\/td><\/tr><tr><td>Erschienen:<\/td><td>Sonntag den 26. August 1894.<\/td><\/tr><tr><td>Format:<\/td><td>4\u00ba (Quarto)<\/td><\/tr><\/tbody><\/table><\/figure>\n\n\n\n<div class=\"isbnissn\">\u2039ISSN 0170-5105\u203a<\/div>\n\n\n\n<p class=\"literaturverzeichnis has-medium-font-size\"><span class=\"harvard\">Referenzartikel<\/span> Martin Schulz: \u201eZufall oder Schickung?\u201c \u00b7 Werbung mit einem Textschnipsel (II). In: Karl May in Leipzig \u00b7 35. Jahrgang, Nr. 137. Leipzig, Freundeskreis Karl May Leipzig, Juni 2024; S. 8\u201310.<\/p>\n\n\n\n<div style=\"height:60px\" aria-hidden=\"true\" class=\"wp-block-spacer\"><\/div>\n\n\n\n<div class=\"wp-block-otfm-box-spoiler-end otfm-sp_end\"><\/div>\n\n\n\n<div class=\"wp-block-otfm-box-spoiler-start otfm-sp__wrapper otfm-sp__box js-otfm-sp-box__closed otfm-sp__bdcebe\" role=\"button\" tabindex=\"0\" aria-expanded=\"false\" data-otfm-spc=\"#bdcebe\" style=\"text-align:left\"><div class=\"otfm-sp__title\"><strong>Der Kutb.<\/strong> In: <em>Vorarlberger Volks-Blatt.<\/em> 1894.<\/div><\/div>\n\n\n\n<div style=\"height:10px\" aria-hidden=\"true\" class=\"wp-block-spacer\"><\/div>\n\n\n\n<p class=\"has-medium-font-size\">Titelaufnahme:<\/p>\n\n\n\n<figure class=\"wp-block-image size-full is-resized is-style-default border fl mt0\"><a href=\"https:\/\/www.karl-may.berlin\/wordpress\/wp-content\/uploads\/2024\/07\/2528-kutb-bregenz.jpg\"><img loading=\"lazy\" decoding=\"async\" width=\"504\" height=\"1200\" src=\"https:\/\/www.karl-may.berlin\/wordpress\/wp-content\/uploads\/2024\/07\/2528-kutb-bregenz.jpg\" alt=\"Kutb Bregenz\" class=\"wp-image-7118\" style=\"width:300px\" srcset=\"https:\/\/www.karl-may.berlin\/wordpress\/wp-content\/uploads\/2024\/07\/2528-kutb-bregenz.jpg 504w, https:\/\/www.karl-may.berlin\/wordpress\/wp-content\/uploads\/2024\/07\/2528-kutb-bregenz-126x300.jpg 126w, https:\/\/www.karl-may.berlin\/wordpress\/wp-content\/uploads\/2024\/07\/2528-kutb-bregenz-430x1024.jpg 430w\" sizes=\"auto, (max-width: 504px) 100vw, 504px\" \/><\/a><figcaption class=\"wp-element-caption\">Annonce mit Leseprobe<\/figcaption><\/figure>\n\n\n\n<figure class=\"wp-block-table bibliografie zelle1 is-style-regular\"><table><tbody><tr><td>Autor:<\/td><td>Karl [Friedrich] May<\/td><\/tr><tr><td>Titel:<\/td><td>Der Kutb.<\/td><\/tr><tr><td>Untertitel:<\/td><td>Reise=Erz\u00e4hlung von Dr. Karl May.<\/td><\/tr><tr><td>Erschienen:<\/td><td>24. August 1894<\/td><\/tr><tr><td>Digitalisat:<\/td><td><a href=\"https:\/\/anno.onb.ac.at\/cgi-content\/anno?aid=vvb&amp;datum=18940824&amp;seite=6\" target=\"_blank\" rel=\"noreferrer noopener\">\u00d6sterreichische Nationalbibliothek<\/a><\/td><\/tr><tr><td>Bemerkung:<\/td><td><em>Leseprobe als Werbung f\u00fcr den Jahrgang 1895 von \u201eBenziger\u2019s Marien-Kalender\u201c.<\/em><\/td><\/tr><\/tbody><\/table><\/figure>\n\n\n\n<div style=\"height:1px\" aria-hidden=\"true\" class=\"wp-block-spacer\"><\/div>\n\n\n\n<p class=\"has-medium-font-size\">Seite 1082 in Nr. 192. von:<\/p>\n\n\n\n<figure class=\"wp-block-image size-full is-style-default border\"><a href=\"https:\/\/www.karl-may.berlin\/wordpress\/wp-content\/uploads\/2024\/07\/2528-vorarlberger-vb-TK.jpg\"><img loading=\"lazy\" decoding=\"async\" width=\"1800\" height=\"622\" src=\"https:\/\/www.karl-may.berlin\/wordpress\/wp-content\/uploads\/2024\/07\/2528-vorarlberger-vb-TK.jpg\" alt=\"Vorarlberger Volksblatt TK\" class=\"wp-image-7119\" srcset=\"https:\/\/www.karl-may.berlin\/wordpress\/wp-content\/uploads\/2024\/07\/2528-vorarlberger-vb-TK.jpg 1800w, https:\/\/www.karl-may.berlin\/wordpress\/wp-content\/uploads\/2024\/07\/2528-vorarlberger-vb-TK-300x104.jpg 300w, https:\/\/www.karl-may.berlin\/wordpress\/wp-content\/uploads\/2024\/07\/2528-vorarlberger-vb-TK-1024x354.jpg 1024w, https:\/\/www.karl-may.berlin\/wordpress\/wp-content\/uploads\/2024\/07\/2528-vorarlberger-vb-TK-768x265.jpg 768w, https:\/\/www.karl-may.berlin\/wordpress\/wp-content\/uploads\/2024\/07\/2528-vorarlberger-vb-TK-1536x531.jpg 1536w\" sizes=\"auto, (max-width: 1800px) 100vw, 1800px\" \/><\/a><figcaption class=\"wp-element-caption\">Titelkopf<\/figcaption><\/figure>\n\n\n\n<figure class=\"wp-block-table bibliografie zelle1 is-style-regular\"><table><tbody><tr><td>Titelkopf:<\/td><td>Vorarlberger Volks-Blatt.<\/td><\/tr><tr><td>Ausgabe:<\/td><td>Tagesausgabe.<\/td><\/tr><tr><td>Herausgeber:<\/td><td>Ferd[inand] Findler (Teutsch, Buchhandlung.)<\/td><\/tr><tr><td>Redaktion:<\/td><td>Verantwortlicher Redacteur: Vinzenz Wilburger.<\/td><\/tr><tr><td>Jahrgang:<\/td><td>29. Jahrgang.<\/td><\/tr><tr><td>Turnus:<\/td><td>Erscheint jeden Donnerstag Vormittag.<\/td><\/tr><tr><td>Ort:<\/td><td>Bregenz<\/td><\/tr><tr><td>Verlag:<\/td><td>Druck und Verlag: J[ohann] N[epomuk] Teutsch.<\/td><\/tr><tr><td>Druck:<\/td><td>Druck: J[ohann] N[epomuk] Teutsch.<\/td><\/tr><tr><td>Erschienen:<\/td><td>Freitag den 24. August 1894.<\/td><\/tr><tr><td>Format:<\/td><td>4\u00ba (Quarto)<\/td><\/tr><\/tbody><\/table><\/figure>\n\n\n\n<div class=\"isbnissn\">\u2039ISSN 0170-5105\u203a<\/div>\n\n\n\n<p class=\"literaturverzeichnis has-medium-font-size\"><span class=\"harvard\">Referenzartikel<\/span> Martin Schulz: \u201eZufall oder Schickung?\u201c \u00b7 Werbung mit einem Textschnipsel (II). In: Karl May in Leipzig \u00b7 35. Jahrgang, Nr. 137. Leipzig, Freundeskreis Karl May Leipzig, Juni 2024; S. 8\u201310.<\/p>\n\n\n\n<div style=\"height:60px\" aria-hidden=\"true\" class=\"wp-block-spacer\"><\/div>\n\n\n\n<div class=\"wp-block-otfm-box-spoiler-end otfm-sp_end\"><\/div>\n\n\n\n<div class=\"wp-block-otfm-box-spoiler-start otfm-sp__wrapper otfm-sp__box js-otfm-sp-box__closed otfm-sp__bdcebe\" role=\"button\" tabindex=\"0\" aria-expanded=\"false\" data-otfm-spc=\"#bdcebe\" style=\"text-align:left\"><div class=\"otfm-sp__title\"><strong>Der Kutb.<\/strong> In: <em>Wattenscheider Zeitung.<\/em> 1894.<\/div><\/div>\n\n\n\n<div style=\"height:10px\" aria-hidden=\"true\" class=\"wp-block-spacer\"><\/div>\n\n\n\n<p class=\"has-medium-font-size\">Titelaufnahme:<\/p>\n\n\n\n<figure class=\"wp-block-image size-full is-resized is-style-default fl mt0\"><a href=\"https:\/\/www.karl-may.berlin\/wordpress\/wp-content\/uploads\/2024\/07\/2828-kutb-wattenscheid.jpg\"><img loading=\"lazy\" decoding=\"async\" width=\"555\" height=\"710\" src=\"https:\/\/www.karl-may.berlin\/wordpress\/wp-content\/uploads\/2024\/07\/2828-kutb-wattenscheid.jpg\" alt=\"Kutb Wattenscheid\" class=\"wp-image-7175\" style=\"width:300px\" srcset=\"https:\/\/www.karl-may.berlin\/wordpress\/wp-content\/uploads\/2024\/07\/2828-kutb-wattenscheid.jpg 555w, https:\/\/www.karl-may.berlin\/wordpress\/wp-content\/uploads\/2024\/07\/2828-kutb-wattenscheid-235x300.jpg 235w\" sizes=\"auto, (max-width: 555px) 100vw, 555px\" \/><\/a><figcaption class=\"wp-element-caption\">Annonce mit Leseprobe<\/figcaption><\/figure>\n\n\n\n<figure class=\"wp-block-table bibliografie zelle1 is-style-regular\"><table><tbody><tr><td>Autor:<\/td><td>Karl [Friedrich] May<\/td><\/tr><tr><td>Titel:<\/td><td>Der Kutb.<\/td><\/tr><tr><td>Untertitel:<\/td><td>Reiseerz\u00e4hlung von Dr. Karl May.<\/td><\/tr><tr><td>Erschienen [1]:<\/td><td>4. September 1894<\/td><\/tr><tr><td>Digitalisat [1]:<\/td><td><a href=\"https:\/\/zeitpunkt.nrw\/ulbms\/periodical\/zoom\/8197563\" target=\"_blank\" rel=\"noreferrer noopener\">Zeitpunkt NRW<\/a><\/td><\/tr><tr><td>Erschienen [2]:<\/td><td>8. September 1894<\/td><\/tr><tr><td>Digitalisat [2]:<\/td><td><a href=\"https:\/\/zeitpunkt.nrw\/ulbms\/periodical\/zoom\/8197579\" target=\"_blank\" rel=\"noreferrer noopener\">Zeitpunkt NRW<\/a><\/td><\/tr><tr><td>Erschienen [3]:<\/td><td>15. September 1894<\/td><\/tr><tr><td>Digitalisat [3]:<\/td><td><a href=\"https:\/\/zeitpunkt.nrw\/ulbms\/periodical\/zoom\/8197605\" target=\"_blank\" rel=\"noreferrer noopener\">Zeitpunkt NRW<\/a><\/td><\/tr><tr><td>Bemerkung:<\/td><td><em>Leseprobe als Werbung f\u00fcr den Jahrgang 1895 von \u201eBenziger\u2019s Marien-Kalender\u201c.<\/em><\/td><\/tr><\/tbody><\/table><\/figure>\n\n\n\n<div style=\"height:1px\" aria-hidden=\"true\" class=\"wp-block-spacer\"><\/div>\n\n\n\n<p class=\"has-medium-font-size\">Seite (3) in Nr. 210. <em>und<\/em> Nr. 214. (Erstes Blatt.) <em>und<\/em> Nr. 220. (Erstes Blatt.) von:<\/p>\n\n\n\n<figure class=\"wp-block-image size-full is-style-default\"><a href=\"https:\/\/www.karl-may.berlin\/wordpress\/wp-content\/uploads\/2024\/07\/2528-wattenscheider-TK.jpg\"><img loading=\"lazy\" decoding=\"async\" width=\"1674\" height=\"570\" src=\"https:\/\/www.karl-may.berlin\/wordpress\/wp-content\/uploads\/2024\/07\/2528-wattenscheider-TK.jpg\" alt=\"Wattenscheider TK\" class=\"wp-image-7176\" srcset=\"https:\/\/www.karl-may.berlin\/wordpress\/wp-content\/uploads\/2024\/07\/2528-wattenscheider-TK.jpg 1674w, https:\/\/www.karl-may.berlin\/wordpress\/wp-content\/uploads\/2024\/07\/2528-wattenscheider-TK-300x102.jpg 300w, https:\/\/www.karl-may.berlin\/wordpress\/wp-content\/uploads\/2024\/07\/2528-wattenscheider-TK-1024x349.jpg 1024w, https:\/\/www.karl-may.berlin\/wordpress\/wp-content\/uploads\/2024\/07\/2528-wattenscheider-TK-768x262.jpg 768w, https:\/\/www.karl-may.berlin\/wordpress\/wp-content\/uploads\/2024\/07\/2528-wattenscheider-TK-1536x523.jpg 1536w\" sizes=\"auto, (max-width: 1674px) 100vw, 1674px\" \/><\/a><figcaption class=\"wp-element-caption\">Titelkopf<\/figcaption><\/figure>\n\n\n\n<figure class=\"wp-block-table bibliografie zelle1 is-style-regular\"><table><tbody><tr><td>Titelkopf:<\/td><td>Wattenscheider Zeitung.<\/td><\/tr><tr><td>Untertitel:<\/td><td>Organ f\u00fcr Stadt &amp; Amt Wattenscheid &amp; Amt Aeckendorf.<\/td><\/tr><tr><td>Jahrgang:<\/td><td>26 Jahrgang<\/td><\/tr><tr><td>Redaktion:<\/td><td>Schriftleitung Carl Busch in Wattenscheid.<\/td><\/tr><tr><td>Turnus:<\/td><td>Erscheint t\u00e4glich mit Ausnahme der Sonn- und Feiertage<\/td><\/tr><tr><td>Ort:<\/td><td>Wattenscheid<\/td><\/tr><tr><td>Verlag:<\/td><td>Verlag von Carl Busch<\/td><\/tr><tr><td>Druck:<\/td><td>Druck von Carl Busch in Wattenscheid.<\/td><\/tr><tr><td>Erschienen:<\/td><td>Dienstag den 4. September 1894 <br>Samstag den 8. September 1894 <br>Samstag den 15. September 1894.<\/td><\/tr><tr><td>Format:<\/td><td>4\u00ba (Quarto)<\/td><\/tr><\/tbody><\/table><\/figure>\n\n\n\n<div class=\"isbnissn\">\u2039ISSN 0170-5105\u203a<\/div>\n\n\n\n<p class=\"literaturverzeichnis has-medium-font-size\"><span class=\"harvard\">Referenzartikel<\/span> Martin Schulz: \u201eZufall oder Schickung?\u201c \u00b7 Werbung mit einem Textschnipsel (II). In: Karl May in Leipzig \u00b7 35. Jahrgang, Nr. 137. Leipzig, Freundeskreis Karl May Leipzig, Juni 2024; S. 8\u201310.<\/p>\n\n\n\n<div style=\"height:60px\" aria-hidden=\"true\" class=\"wp-block-spacer\"><\/div>\n\n\n\n<div class=\"wp-block-otfm-box-spoiler-end otfm-sp_end\"><\/div>\n\n\n\n<div class=\"wp-block-otfm-box-spoiler-start otfm-sp__wrapper otfm-sp__box js-otfm-sp-box__closed otfm-sp__bdcebe\" role=\"button\" tabindex=\"0\" aria-expanded=\"false\" data-otfm-spc=\"#bdcebe\" style=\"text-align:left\"><div class=\"otfm-sp__title\"><strong>Der Kutb.<\/strong> In: <em>Zuger Nachrichten.<\/em> 1894.<\/div><\/div>\n\n\n\n<div style=\"height:10px\" aria-hidden=\"true\" class=\"wp-block-spacer\"><\/div>\n\n\n\n<p class=\"has-medium-font-size\">Titelaufnahme:<\/p>\n\n\n\n<figure class=\"wp-block-image size-full is-resized is-style-default border fl mt0\"><a href=\"https:\/\/www.karl-may.berlin\/wordpress\/wp-content\/uploads\/2024\/07\/2528-kutb-zug.jpg\"><img loading=\"lazy\" decoding=\"async\" width=\"1004\" height=\"777\" src=\"https:\/\/www.karl-may.berlin\/wordpress\/wp-content\/uploads\/2024\/07\/2528-kutb-zug.jpg\" alt=\"Kutb Zug\" class=\"wp-image-7184\" style=\"width:300px\" srcset=\"https:\/\/www.karl-may.berlin\/wordpress\/wp-content\/uploads\/2024\/07\/2528-kutb-zug.jpg 1004w, https:\/\/www.karl-may.berlin\/wordpress\/wp-content\/uploads\/2024\/07\/2528-kutb-zug-300x232.jpg 300w, https:\/\/www.karl-may.berlin\/wordpress\/wp-content\/uploads\/2024\/07\/2528-kutb-zug-768x594.jpg 768w\" sizes=\"auto, (max-width: 1004px) 100vw, 1004px\" \/><\/a><figcaption class=\"wp-element-caption\">Annonce mit Leseprobe<\/figcaption><\/figure>\n\n\n\n<figure class=\"wp-block-table bibliografie zelle1 is-style-regular\"><table><tbody><tr><td>Autor:<\/td><td>Karl [Friedrich] May<\/td><\/tr><tr><td>Titel:<\/td><td>Der Kutb.<\/td><\/tr><tr><td>Untertitel:<\/td><td>Reiseerz\u00e4hlung von Dr. Karl May.<\/td><\/tr><tr><td>Erschienen:<\/td><td>12. September 1894<\/td><\/tr><tr><td>Digitalisat:<\/td><td><a href=\"https:\/\/www.e-newspaperarchives.ch\/?a=d&amp;d=ZGN18940912-01.1.3\" target=\"_blank\" rel=\"noreferrer noopener\">e-newspaperarchives.ch<\/a><\/td><\/tr><tr><td>Bemerkung:<\/td><td><em>Leseprobe als Werbung f\u00fcr den Jahrgang 1895 von \u201eBenziger\u2019s Marien-Kalender\u201c.<\/em><\/td><\/tr><\/tbody><\/table><\/figure>\n\n\n\n<div style=\"height:1px\" aria-hidden=\"true\" class=\"wp-block-spacer\"><\/div>\n\n\n\n<p class=\"has-medium-font-size\">Unter der Spitzmarke \u201eLiterarisches.\u201c Seite (3) in \u2116 73. von:<\/p>\n\n\n\n<figure class=\"wp-block-image size-full is-style-default border\"><a href=\"https:\/\/www.karl-may.berlin\/wordpress\/wp-content\/uploads\/2024\/07\/2528-zugernachrichten-TK.jpg\"><img loading=\"lazy\" decoding=\"async\" width=\"1800\" height=\"687\" src=\"https:\/\/www.karl-may.berlin\/wordpress\/wp-content\/uploads\/2024\/07\/2528-zugernachrichten-TK.jpg\" alt=\"Zuger Nachrichten TK\" class=\"wp-image-7185\" srcset=\"https:\/\/www.karl-may.berlin\/wordpress\/wp-content\/uploads\/2024\/07\/2528-zugernachrichten-TK.jpg 1800w, https:\/\/www.karl-may.berlin\/wordpress\/wp-content\/uploads\/2024\/07\/2528-zugernachrichten-TK-300x115.jpg 300w, https:\/\/www.karl-may.berlin\/wordpress\/wp-content\/uploads\/2024\/07\/2528-zugernachrichten-TK-1024x391.jpg 1024w, https:\/\/www.karl-may.berlin\/wordpress\/wp-content\/uploads\/2024\/07\/2528-zugernachrichten-TK-768x293.jpg 768w, https:\/\/www.karl-may.berlin\/wordpress\/wp-content\/uploads\/2024\/07\/2528-zugernachrichten-TK-1536x586.jpg 1536w\" sizes=\"auto, (max-width: 1800px) 100vw, 1800px\" \/><\/a><figcaption class=\"wp-element-caption\">Titelkopf<\/figcaption><\/figure>\n\n\n\n<figure class=\"wp-block-table bibliografie zelle1 is-style-regular\"><table><tbody><tr><td>Titelkopf:<\/td><td>Zuger Nachrichten.<\/td><\/tr><tr><td>Untertitel [1]:<\/td><td>Vereinigt mit der Neuen Zuger Zeitung.<\/td><\/tr><tr><td>Untertitel [2]:<\/td><td>Organ der konservativen Partei des Kantons Zug.<\/td><\/tr><tr><td>Jahrgang:<\/td><td>1894<\/td><\/tr><tr><td>Turnus:<\/td><td>Erscheinen jeden Mittwoch und Samstag.<\/td><\/tr><tr><td>Ort:<\/td><td>Zug<\/td><\/tr><tr><td>Verlag:<\/td><td>Expedition von J. Z\u00fcrcher<\/td><\/tr><tr><td>Druck:<\/td><td>Druck von J. Z\u00fcrcher, Zug.<\/td><\/tr><tr><td>Erschienen:<\/td><td>Mittwoch 12. September 1894.<\/td><\/tr><tr><td>Format:<\/td><td>4\u00ba (Quarto)<\/td><\/tr><\/tbody><\/table><\/figure>\n\n\n\n<div class=\"isbnissn\">\u2039ISSN 0170-5105\u203a<\/div>\n\n\n\n<p class=\"literaturverzeichnis has-medium-font-size\"><span class=\"harvard\">Referenzartikel<\/span> Martin Schulz: \u201eZufall oder Schickung?\u201c \u00b7 Werbung mit einem Textschnipsel (II). In: Karl May in Leipzig \u00b7 35. Jahrgang, Nr. 137. Leipzig, Freundeskreis Karl May Leipzig, Juni 2024; S. 8\u201310.<\/p>\n\n\n\n<div style=\"height:60px\" aria-hidden=\"true\" class=\"wp-block-spacer\"><\/div>\n\n\n\n<div class=\"wp-block-otfm-box-spoiler-end otfm-sp_end\"><\/div>\n\n\n\n<div class=\"wp-block-otfm-box-spoiler-start otfm-sp__wrapper otfm-sp__box js-otfm-sp-box__closed otfm-sp__bdcebe\" role=\"button\" tabindex=\"0\" aria-expanded=\"false\" data-otfm-spc=\"#bdcebe\" style=\"text-align:left\"><div class=\"otfm-sp__title\"><strong>Der Kutb.<\/strong> In: <em>Z\u00fclpicher Zeitung.<\/em> 1894.<\/div><\/div>\n\n\n\n<div style=\"height:10px\" aria-hidden=\"true\" class=\"wp-block-spacer\"><\/div>\n\n\n\n<p class=\"has-medium-font-size\">Titelaufnahme:<\/p>\n\n\n\n<figure class=\"wp-block-image size-full is-resized is-style-default border fl mt0\"><a href=\"https:\/\/www.karl-may.berlin\/wordpress\/wp-content\/uploads\/2024\/07\/2528-kutb-zuelpich.jpg\"><img loading=\"lazy\" decoding=\"async\" width=\"500\" height=\"1200\" src=\"https:\/\/www.karl-may.berlin\/wordpress\/wp-content\/uploads\/2024\/07\/2528-kutb-zuelpich.jpg\" alt=\"Kutb Z\u00fclpich\" class=\"wp-image-7136\" style=\"width:300px\" srcset=\"https:\/\/www.karl-may.berlin\/wordpress\/wp-content\/uploads\/2024\/07\/2528-kutb-zuelpich.jpg 500w, https:\/\/www.karl-may.berlin\/wordpress\/wp-content\/uploads\/2024\/07\/2528-kutb-zuelpich-125x300.jpg 125w, https:\/\/www.karl-may.berlin\/wordpress\/wp-content\/uploads\/2024\/07\/2528-kutb-zuelpich-427x1024.jpg 427w\" sizes=\"auto, (max-width: 500px) 100vw, 500px\" \/><\/a><figcaption class=\"wp-element-caption\">Annonce mit Leseprobe<\/figcaption><\/figure>\n\n\n\n<figure class=\"wp-block-table bibliografie zelle1 is-style-regular\"><table><tbody><tr><td>Autor:<\/td><td>Karl [Friedrich] May<\/td><\/tr><tr><td>Titel:<\/td><td>Der Kutb.<\/td><\/tr><tr><td>Untertitel:<\/td><td>Reiseerz\u00e4hlung von Dr. Karl May.<\/td><\/tr><tr><td>Erschienen:<\/td><td>25. August 1894<\/td><\/tr><tr><td>Digitalisat:<\/td><td><a href=\"https:\/\/zeitpunkt.nrw\/ulbbn\/periodical\/zoom\/19105704\">Zeitpunkt NRW<\/a><\/td><\/tr><tr><td>Bemerkung:<\/td><td><em>Leseprobe als Werbung f\u00fcr den Jahrgang 1895 von \u201eBenziger\u2019s Marien-Kalender\u201c.<\/em><\/td><\/tr><\/tbody><\/table><\/figure>\n\n\n\n<div style=\"height:1px\" aria-hidden=\"true\" class=\"wp-block-spacer\"><\/div>\n\n\n\n<p class=\"has-medium-font-size\">(Erstes Blatt.), Seite (3) in \u2116 34. von:<\/p>\n\n\n\n<figure class=\"wp-block-image size-full is-style-default border\"><a href=\"https:\/\/www.karl-may.berlin\/wordpress\/wp-content\/uploads\/2024\/07\/2528-zuelpicher-TK.jpg\"><img loading=\"lazy\" decoding=\"async\" width=\"1692\" height=\"463\" src=\"https:\/\/www.karl-may.berlin\/wordpress\/wp-content\/uploads\/2024\/07\/2528-zuelpicher-TK.jpg\" alt=\"Z\u00fclpicherZeitung TK\" class=\"wp-image-7137\" srcset=\"https:\/\/www.karl-may.berlin\/wordpress\/wp-content\/uploads\/2024\/07\/2528-zuelpicher-TK.jpg 1692w, https:\/\/www.karl-may.berlin\/wordpress\/wp-content\/uploads\/2024\/07\/2528-zuelpicher-TK-300x82.jpg 300w, https:\/\/www.karl-may.berlin\/wordpress\/wp-content\/uploads\/2024\/07\/2528-zuelpicher-TK-1024x280.jpg 1024w, https:\/\/www.karl-may.berlin\/wordpress\/wp-content\/uploads\/2024\/07\/2528-zuelpicher-TK-768x210.jpg 768w, https:\/\/www.karl-may.berlin\/wordpress\/wp-content\/uploads\/2024\/07\/2528-zuelpicher-TK-1536x420.jpg 1536w\" sizes=\"auto, (max-width: 1692px) 100vw, 1692px\" \/><\/a><figcaption class=\"wp-element-caption\">Titelkopf<\/figcaption><\/figure>\n\n\n\n<figure class=\"wp-block-table bibliografie zelle1 is-style-regular\"><table><tbody><tr><td>Titelkopf:<\/td><td>Z\u00fclpicher Zeitung.<\/td><\/tr><tr><td>Redaktion:<\/td><td>Verantwortliche Redaction von Peter Blumenthal in Z\u00fclpich<\/td><\/tr><tr><td>Jahrgang:<\/td><td>(16. Jahrgang.)<\/td><\/tr><tr><td>Turnus:<\/td><td>Erscheint jeden Samstag<\/td><\/tr><tr><td>Ort:<\/td><td>Z\u00fclpich<\/td><\/tr><tr><td>Verlag:<\/td><td>Verlag von Peter Blumenthal.<\/td><\/tr><tr><td>Druck:<\/td><td>Druck von Peter Blumenthal in Z\u00fclpich.<\/td><\/tr><tr><td>Erschienen:<\/td><td>Samstag, 25. August 1894.<\/td><\/tr><tr><td>Format:<\/td><td>2\u00ba (Folio)<\/td><\/tr><\/tbody><\/table><\/figure>\n\n\n\n<div class=\"isbnissn\">\u2039ISSN 0170-5105\u203a<\/div>\n\n\n\n<p class=\"literaturverzeichnis has-medium-font-size\"><span class=\"harvard\">Referenzartikel<\/span> Martin Schulz: \u201eZufall oder Schickung?\u201c \u00b7 Werbung mit einem Textschnipsel (II). In: Karl May in Leipzig \u00b7 35. Jahrgang, Nr. 137. Leipzig, Freundeskreis Karl May Leipzig, Juni 2024; S. 8\u201310.<\/p>\n\n\n\n<div style=\"height:60px\" aria-hidden=\"true\" class=\"wp-block-spacer\"><\/div>\n\n\n\n<div class=\"wp-block-otfm-box-spoiler-end otfm-sp_end\"><\/div>\n\n\n\n<div class=\"wp-block-otfm-box-spoiler-start otfm-sp__wrapper otfm-sp__box js-otfm-sp-box__closed otfm-sp__bdcebe\" role=\"button\" tabindex=\"0\" aria-expanded=\"false\" data-otfm-spc=\"#bdcebe\" style=\"text-align:left\"><div class=\"otfm-sp__title\"><strong>Der Kys=Kaptschiji.<\/strong> In: <em>Bensberg-Gladbacher Anzeiger.<\/em> 1895.<\/div><\/div>\n\n\n\n<div style=\"height:10px\" aria-hidden=\"true\" class=\"wp-block-spacer\"><\/div>\n\n\n\n<p class=\"has-medium-font-size\">Titelaufnahme:<\/p>\n\n\n\n<figure class=\"wp-block-image size-full is-resized is-style-default fl mt0\"><a href=\"https:\/\/www.karl-may.berlin\/wordpress\/wp-content\/uploads\/2024\/04\/6267-Kys-Bensberg.jpg\"><img loading=\"lazy\" decoding=\"async\" width=\"610\" height=\"299\" src=\"https:\/\/www.karl-may.berlin\/wordpress\/wp-content\/uploads\/2024\/04\/6267-Kys-Bensberg.jpg\" alt=\"Kys Bensberg Leseprobe\" class=\"wp-image-6360\" style=\"width:300px\" srcset=\"https:\/\/www.karl-may.berlin\/wordpress\/wp-content\/uploads\/2024\/04\/6267-Kys-Bensberg.jpg 610w, https:\/\/www.karl-may.berlin\/wordpress\/wp-content\/uploads\/2024\/04\/6267-Kys-Bensberg-300x147.jpg 300w\" sizes=\"auto, (max-width: 610px) 100vw, 610px\" \/><\/a><figcaption class=\"wp-element-caption\">Leseprobe<\/figcaption><\/figure>\n\n\n\n<figure class=\"wp-block-table bibliografie zelle1 is-style-regular\"><table><tbody><tr><td>Autor:<\/td><td>Karl [Friedrich] May<\/td><\/tr><tr><td>Titel:<\/td><td>Der Kys=Kaptschiji.<\/td><\/tr><tr><td>Untertitel:<\/td><td>Reiseerlebni\u00df von Dr. Karl May.<\/td><\/tr><tr><td>Erschienen:<\/td><td>17. August 1895<\/td><\/tr><tr><td>Digitalisat:<\/td><td><a href=\"https:\/\/zeitpunkt.nrw\/ulbbn\/periodical\/zoom\/2935512\">Zeitungsportal NRW<\/a><\/td><\/tr><tr><td>Bemerkung:<\/td><td><em>Leseprobe als Werbung f\u00fcr den Jahrgang 1896 von \u201eBenziger\u2019s Marien-Kalender\u201c.<\/em><\/td><\/tr><\/tbody><\/table><\/figure>\n\n\n\n<div style=\"height:1px\" aria-hidden=\"true\" class=\"wp-block-spacer\"><\/div>\n\n\n\n<p class=\"has-medium-font-size\">Seite (2) in \u2116 66. von:<\/p>\n\n\n\n<figure class=\"wp-block-image size-full is-style-default\"><a href=\"https:\/\/www.karl-may.berlin\/wordpress\/wp-content\/uploads\/2024\/04\/6267-Bensberg-Gladbacher-TK.jpg\"><img loading=\"lazy\" decoding=\"async\" width=\"1844\" height=\"476\" src=\"https:\/\/www.karl-may.berlin\/wordpress\/wp-content\/uploads\/2024\/04\/6267-Bensberg-Gladbacher-TK.jpg\" alt=\"Bensberg-Gladbacher TK\" class=\"wp-image-6359\" srcset=\"https:\/\/www.karl-may.berlin\/wordpress\/wp-content\/uploads\/2024\/04\/6267-Bensberg-Gladbacher-TK.jpg 1844w, https:\/\/www.karl-may.berlin\/wordpress\/wp-content\/uploads\/2024\/04\/6267-Bensberg-Gladbacher-TK-300x77.jpg 300w, https:\/\/www.karl-may.berlin\/wordpress\/wp-content\/uploads\/2024\/04\/6267-Bensberg-Gladbacher-TK-1024x264.jpg 1024w, https:\/\/www.karl-may.berlin\/wordpress\/wp-content\/uploads\/2024\/04\/6267-Bensberg-Gladbacher-TK-768x198.jpg 768w, https:\/\/www.karl-may.berlin\/wordpress\/wp-content\/uploads\/2024\/04\/6267-Bensberg-Gladbacher-TK-1536x396.jpg 1536w\" sizes=\"auto, (max-width: 1844px) 100vw, 1844px\" \/><\/a><figcaption class=\"wp-element-caption\">Titelkopf<\/figcaption><\/figure>\n\n\n\n<figure class=\"wp-block-table bibliografie zelle1 is-style-regular\"><table><tbody><tr><td>Titelkopf:<\/td><td>Bensberg=Gladbacher Anzeiger.<\/td><\/tr><tr><td>Untertitel:<\/td><td>(Volksblatt f\u00fcr die bergische Gegend.) \u00b7 Mit der Sonntagsbeilage \u201eIllustrirtes Unterhaltungsblatt.\u201c<\/td><\/tr><tr><td>Redaktion:<\/td><td>Redaction v[on] Jos[eph]\u202fHaake, Bensberg.<\/td><\/tr><tr><td>Jahrgang:<\/td><td>XXX. Jahrgang.<\/td><\/tr><tr><td>Turnus:<\/td><td>Erscheint Mittwochs und Samstags.<\/td><\/tr><tr><td>Ort:<\/td><td>Bensberg<\/td><\/tr><tr><td>Verlag:<\/td><td>Jos[eph] Haake<\/td><\/tr><tr><td>Druck:<\/td><td>Druck von Carl [Karl] Wilhelm Haake, Bensberg.<\/td><\/tr><tr><td>Erschienen:<\/td><td>Samstag, 17. August 1895.<\/td><\/tr><tr><td>Format:<\/td><td>4\u00ba (Quarto)<\/td><\/tr><\/tbody><\/table><\/figure>\n\n\n\n<div class=\"isbnissn\">\u2039ISSN 0170-5105\u203a<\/div>\n\n\n\n<p class=\"literaturverzeichnis has-medium-font-size\"><span class=\"harvard\">Referenzartikel<\/span> Sven-Roger Schulz: \u201eDu bist so still, Sihdi!\u201c \u00b7 Werbung mit einem Textschnipsel (I). In: Karl May in Leipzig \u00b7 35. Jahrgang, Nr. 136. Leipzig, Freundeskreis Karl May Leipzig, M\u00e4rz 2024; S. 8\u20139.<\/p>\n\n\n\n<div style=\"height:60px\" aria-hidden=\"true\" class=\"wp-block-spacer\"><\/div>\n\n\n\n<div class=\"wp-block-otfm-box-spoiler-end otfm-sp_end\"><\/div>\n\n\n\n<div class=\"wp-block-otfm-box-spoiler-start otfm-sp__wrapper otfm-sp__box js-otfm-sp-box__closed otfm-sp__bdcebe\" role=\"button\" tabindex=\"0\" aria-expanded=\"false\" data-otfm-spc=\"#bdcebe\" style=\"text-align:left\"><div class=\"otfm-sp__title\"><strong>Der Kys-Kaptschiji.<\/strong> In: <em>Bundes-Zeitung Niederbayerischer Landwirte und Gewerbetreibender.<\/em> 1895.<\/div><\/div>\n\n\n\n<div style=\"height:10px\" aria-hidden=\"true\" class=\"wp-block-spacer\"><\/div>\n\n\n\n<p class=\"has-medium-font-size\">Titelaufnahme:<\/p>\n\n\n\n<figure class=\"wp-block-image size-full is-resized is-style-default fl mt0\"><a href=\"https:\/\/www.karl-may.berlin\/wordpress\/wp-content\/uploads\/2024\/04\/6267-Kys-Pfarrkirchen.jpg\"><img loading=\"lazy\" decoding=\"async\" width=\"1253\" height=\"705\" src=\"https:\/\/www.karl-may.berlin\/wordpress\/wp-content\/uploads\/2024\/04\/6267-Kys-Pfarrkirchen.jpg\" alt=\"Kys Pfarrkirchen\" class=\"wp-image-6316\" style=\"width:300px\" srcset=\"https:\/\/www.karl-may.berlin\/wordpress\/wp-content\/uploads\/2024\/04\/6267-Kys-Pfarrkirchen.jpg 1253w, https:\/\/www.karl-may.berlin\/wordpress\/wp-content\/uploads\/2024\/04\/6267-Kys-Pfarrkirchen-300x169.jpg 300w, https:\/\/www.karl-may.berlin\/wordpress\/wp-content\/uploads\/2024\/04\/6267-Kys-Pfarrkirchen-1024x576.jpg 1024w, https:\/\/www.karl-may.berlin\/wordpress\/wp-content\/uploads\/2024\/04\/6267-Kys-Pfarrkirchen-768x432.jpg 768w\" sizes=\"auto, (max-width: 1253px) 100vw, 1253px\" \/><\/a><figcaption class=\"wp-element-caption\">Leseprobe<\/figcaption><\/figure>\n\n\n\n<figure class=\"wp-block-table bibliografie zelle1 is-style-regular\"><table><tbody><tr><td>Autor:<\/td><td>K[arl Friedrich] May<\/td><\/tr><tr><td>Titel:<\/td><td>Der Kys-Kaptschiji.<\/td><\/tr><tr><td>Untertitel:<\/td><td>Reiseerlebnis von Dr. K. May.<\/td><\/tr><tr><td>Erschienen:<\/td><td>10. August 1895<\/td><\/tr><tr><td>Digitalisat:<\/td><td><a href=\"https:\/\/www.digitale-sammlungen.de\/view\/bsb11454446?page=367\">M\u00fcnchener DigitalisierungsZentrum<\/a><\/td><\/tr><tr><td>Bemerkung:<\/td><td><em>Leseprobe als Werbung f\u00fcr den Jahrgang 1896 von \u201eBenziger\u2019s Marien-Kalender\u201c.<\/em><\/td><\/tr><\/tbody><\/table><\/figure>\n\n\n\n<div style=\"height:1px\" aria-hidden=\"true\" class=\"wp-block-spacer\"><\/div>\n\n\n\n<p class=\"has-medium-font-size\">Seite (3) in Nr. 92. von:<\/p>\n\n\n\n<figure class=\"wp-block-image size-full is-style-default\"><a href=\"https:\/\/www.karl-may.berlin\/wordpress\/wp-content\/uploads\/2024\/04\/6267-BundesZeitung-TK.jpg\"><img loading=\"lazy\" decoding=\"async\" width=\"1800\" height=\"969\" src=\"https:\/\/www.karl-may.berlin\/wordpress\/wp-content\/uploads\/2024\/04\/6267-BundesZeitung-TK.jpg\" alt=\"Bundes-Zeitung TK\" class=\"wp-image-6315\" srcset=\"https:\/\/www.karl-may.berlin\/wordpress\/wp-content\/uploads\/2024\/04\/6267-BundesZeitung-TK.jpg 1800w, https:\/\/www.karl-may.berlin\/wordpress\/wp-content\/uploads\/2024\/04\/6267-BundesZeitung-TK-300x162.jpg 300w, https:\/\/www.karl-may.berlin\/wordpress\/wp-content\/uploads\/2024\/04\/6267-BundesZeitung-TK-1024x551.jpg 1024w, https:\/\/www.karl-may.berlin\/wordpress\/wp-content\/uploads\/2024\/04\/6267-BundesZeitung-TK-768x413.jpg 768w, https:\/\/www.karl-may.berlin\/wordpress\/wp-content\/uploads\/2024\/04\/6267-BundesZeitung-TK-1536x827.jpg 1536w\" sizes=\"auto, (max-width: 1800px) 100vw, 1800px\" \/><\/a><figcaption class=\"wp-element-caption\">Titelkopf<\/figcaption><\/figure>\n\n\n\n<figure class=\"wp-block-table bibliografie zelle1 is-style-regular\"><table><tbody><tr><td>Titelkopf:<\/td><td>Bundes-Zeitung Niederbayerischer Landwirte und Gewerbetreibender.<\/td><\/tr><tr><td>Untertitel:<\/td><td>\u201eGott zur Ehr\u201c, \u201eDem Mittelstand zur Wehr.\u201c<\/td><\/tr><tr><td>Redaktion:<\/td><td>Redaktion von M.\u202fZeitler, Pfarrkirchen.<\/td><\/tr><tr><td>Jahrgang:<\/td><td>[1895]<\/td><\/tr><tr><td>Turnus:<\/td><td>Erscheint Dienstag, Donnerstag und Samstag.<\/td><\/tr><tr><td>Ort:<\/td><td>Pfarrkirchen<\/td><\/tr><tr><td>Verlag:<\/td><td>Verlag von M.\u202fZeitler<\/td><\/tr><tr><td>Druck:<\/td><td>Druck von M.\u202fZeitler, Pfarrkirchen.<\/td><\/tr><tr><td>Erschienen:<\/td><td>Samstag, 10. August 1895.<\/td><\/tr><tr><td>Format:<\/td><td>4\u00ba (Quarto)<\/td><\/tr><\/tbody><\/table><\/figure>\n\n\n\n<div class=\"isbnissn\">\u2039ISSN 0170-5105\u203a<\/div>\n\n\n\n<p class=\"literaturverzeichnis has-medium-font-size\"><span class=\"harvard\">Referenzartikel<\/span> Sven-Roger Schulz: \u201eDu bist so still, Sihdi!\u201c \u00b7 Werbung mit einem Textschnipsel (I). In: Karl May in Leipzig \u00b7 35. Jahrgang, Nr. 136. Leipzig, Freundeskreis Karl May Leipzig, M\u00e4rz 2024; S. 8\u20139.<\/p>\n\n\n\n<div style=\"height:60px\" aria-hidden=\"true\" class=\"wp-block-spacer\"><\/div>\n\n\n\n<div class=\"wp-block-otfm-box-spoiler-end otfm-sp_end\"><\/div>\n\n\n\n<div class=\"wp-block-otfm-box-spoiler-start otfm-sp__wrapper otfm-sp__box js-otfm-sp-box__closed otfm-sp__bdcebe\" role=\"button\" tabindex=\"0\" aria-expanded=\"false\" data-otfm-spc=\"#bdcebe\" style=\"text-align:left\"><div class=\"otfm-sp__title\"><strong>Der Kys=Kaptschiji.<\/strong> In: <em>Donau-Zeitung.<\/em> 1895.<\/div><\/div>\n\n\n\n<div style=\"height:10px\" aria-hidden=\"true\" class=\"wp-block-spacer\"><\/div>\n\n\n\n<p class=\"has-medium-font-size\">Titelaufnahme:<\/p>\n\n\n\n<figure class=\"wp-block-image size-full is-resized is-style-default fl mt0\"><a href=\"https:\/\/www.karl-may.berlin\/wordpress\/wp-content\/uploads\/2024\/04\/6267-Kys-Passau.jpg\"><img loading=\"lazy\" decoding=\"async\" width=\"1226\" height=\"504\" src=\"https:\/\/www.karl-may.berlin\/wordpress\/wp-content\/uploads\/2024\/04\/6267-Kys-Passau.jpg\" alt=\"Kys Passau Leseprobe\" class=\"wp-image-6409\" style=\"width:300px\" srcset=\"https:\/\/www.karl-may.berlin\/wordpress\/wp-content\/uploads\/2024\/04\/6267-Kys-Passau.jpg 1226w, https:\/\/www.karl-may.berlin\/wordpress\/wp-content\/uploads\/2024\/04\/6267-Kys-Passau-300x123.jpg 300w, https:\/\/www.karl-may.berlin\/wordpress\/wp-content\/uploads\/2024\/04\/6267-Kys-Passau-1024x421.jpg 1024w, https:\/\/www.karl-may.berlin\/wordpress\/wp-content\/uploads\/2024\/04\/6267-Kys-Passau-768x316.jpg 768w\" sizes=\"auto, (max-width: 1226px) 100vw, 1226px\" \/><\/a><figcaption class=\"wp-element-caption\">Leseprobe<\/figcaption><\/figure>\n\n\n\n<figure class=\"wp-block-table bibliografie zelle1 is-style-regular\"><table><tbody><tr><td>Autor:<\/td><td>Karl [Friedrich] May<\/td><\/tr><tr><td>Titel:<\/td><td>Der Kys=Kaptschiji.<\/td><\/tr><tr><td>Untertitel:<\/td><td>Reiseerlebni\u00df von Dr. Karl May.<\/td><\/tr><tr><td>Erschienen:<\/td><td>24. August 1895<\/td><\/tr><tr><td>Digitalisat:<\/td><td><a href=\"https:\/\/www.digitale-sammlungen.de\/de\/view\/bsb11482969?page=383\" target=\"_blank\" rel=\"noreferrer noopener\">Bayerische Staatsbibliothek<\/a><\/td><\/tr><tr><td>Bemerkung:<\/td><td><em>Leseprobe als Werbung f\u00fcr den Jahrgang 1896 von \u201eBenziger\u2019s Marien-Kalender\u201c.<\/em><\/td><\/tr><\/tbody><\/table><\/figure>\n\n\n\n<div style=\"height:1px\" aria-hidden=\"true\" class=\"wp-block-spacer\"><\/div>\n\n\n\n<p class=\"has-medium-font-size\">Seite (5) in \u2116 192. von:<\/p>\n\n\n\n<figure class=\"wp-block-image size-full is-style-default\"><a href=\"https:\/\/www.karl-may.berlin\/wordpress\/wp-content\/uploads\/2024\/04\/6267-DonauZeitung-TK.jpg\"><img loading=\"lazy\" decoding=\"async\" width=\"1800\" height=\"435\" src=\"https:\/\/www.karl-may.berlin\/wordpress\/wp-content\/uploads\/2024\/04\/6267-DonauZeitung-TK.jpg\" alt=\"Donau-Zeitung TK\" class=\"wp-image-6408\" srcset=\"https:\/\/www.karl-may.berlin\/wordpress\/wp-content\/uploads\/2024\/04\/6267-DonauZeitung-TK.jpg 1800w, https:\/\/www.karl-may.berlin\/wordpress\/wp-content\/uploads\/2024\/04\/6267-DonauZeitung-TK-300x73.jpg 300w, https:\/\/www.karl-may.berlin\/wordpress\/wp-content\/uploads\/2024\/04\/6267-DonauZeitung-TK-1024x247.jpg 1024w, https:\/\/www.karl-may.berlin\/wordpress\/wp-content\/uploads\/2024\/04\/6267-DonauZeitung-TK-768x186.jpg 768w, https:\/\/www.karl-may.berlin\/wordpress\/wp-content\/uploads\/2024\/04\/6267-DonauZeitung-TK-1536x371.jpg 1536w\" sizes=\"auto, (max-width: 1800px) 100vw, 1800px\" \/><\/a><figcaption class=\"wp-element-caption\">Titelkopf<\/figcaption><\/figure>\n\n\n\n<figure class=\"wp-block-table bibliografie zelle1 is-style-regular\"><table><tbody><tr><td>Titelkopf:<\/td><td>Donau=Zeitung..<\/td><\/tr><tr><td>Redaktion:<\/td><td>Verantwortlicher Redakteur: I[n] V[ertretung]: F[ranz] P. Maier in Passau.<\/td><\/tr><tr><td>Jahrgang:<\/td><td>1895<\/td><\/tr><tr><td>Turnus:<\/td><td>Erscheint t\u00e4glich mit Ausnahme der Sonn= und Feiertage [jeweils einen Tag vordatiert].<\/td><\/tr><tr><td>Ort:<\/td><td>Passau<\/td><\/tr><tr><td>Verlag:<\/td><td>Verlag der Aktiengesellschaft Passavia<\/td><\/tr><tr><td>Druck:<\/td><td>Druck der Aktiengesellschaft Passavia<\/td><\/tr><tr><td>Erschienen:<\/td><td>Sonntag den 25. August 1895. Ludwig. [vielmehr: Samstag, den 24. August 1895]<\/td><\/tr><tr><td>Format:<\/td><td>2\u00ba (Folio)<\/td><\/tr><\/tbody><\/table><\/figure>\n\n\n\n<div class=\"isbnissn\">\u2039ISSN 0170-5105\u203a<\/div>\n\n\n\n<p class=\"literaturverzeichnis has-medium-font-size\"><span class=\"harvard\">Referenzartikel<\/span> Sven-Roger Schulz: \u201eDu bist so still, Sihdi!\u201c \u00b7 Werbung mit einem Textschnipsel (I). In: Karl May in Leipzig \u00b7 35. Jahrgang, Nr. 136. Leipzig, Freundeskreis Karl May Leipzig, M\u00e4rz 2024; S. 8\u20139.<\/p>\n\n\n\n<div style=\"height:60px\" aria-hidden=\"true\" class=\"wp-block-spacer\"><\/div>\n\n\n\n<div class=\"wp-block-otfm-box-spoiler-end otfm-sp_end\"><\/div>\n\n\n\n<div class=\"wp-block-otfm-box-spoiler-start otfm-sp__wrapper otfm-sp__box js-otfm-sp-box__closed otfm-sp__bdcebe\" role=\"button\" tabindex=\"0\" aria-expanded=\"false\" data-otfm-spc=\"#bdcebe\" style=\"text-align:left\"><div class=\"otfm-sp__title\"><strong>Der Kys-Kaptschiji.<\/strong> In: <em>D\u00fcsseldorfer Volksblatt.<\/em> 1895.<\/div><\/div>\n\n\n\n<div style=\"height:10px\" aria-hidden=\"true\" class=\"wp-block-spacer\"><\/div>\n\n\n\n<p class=\"has-medium-font-size\">Titelaufnahme:<\/p>\n\n\n\n<figure class=\"wp-block-image size-full is-resized is-style-default fl mt0\"><a href=\"https:\/\/www.karl-may.berlin\/wordpress\/wp-content\/uploads\/2024\/04\/6267-Kys-Duesseldorf.jpg\"><img loading=\"lazy\" decoding=\"async\" width=\"409\" height=\"247\" src=\"https:\/\/www.karl-may.berlin\/wordpress\/wp-content\/uploads\/2024\/04\/6267-Kys-Duesseldorf.jpg\" alt=\"Kys D\u00fcsseldorf Leseprobe\" class=\"wp-image-6325\" style=\"width:300px\" srcset=\"https:\/\/www.karl-may.berlin\/wordpress\/wp-content\/uploads\/2024\/04\/6267-Kys-Duesseldorf.jpg 409w, https:\/\/www.karl-may.berlin\/wordpress\/wp-content\/uploads\/2024\/04\/6267-Kys-Duesseldorf-300x181.jpg 300w\" sizes=\"auto, (max-width: 409px) 100vw, 409px\" \/><\/a><figcaption class=\"wp-element-caption\">Leseprobe<\/figcaption><\/figure>\n\n\n\n<figure class=\"wp-block-table bibliografie zelle1 is-style-regular\"><table><tbody><tr><td>Autor:<\/td><td>Karl [Friedrich] May<\/td><\/tr><tr><td>Titel:<\/td><td>Der Kys-Kaptschiji.<\/td><\/tr><tr><td>Untertitel:<\/td><td>Reiseerlebnis von Dr. Karl May.<\/td><\/tr><tr><td>Erschienen:<\/td><td>12. August 1895<\/td><\/tr><tr><td>Digitalisat:<\/td><td><a href=\"https:\/\/zeitpunkt.nrw\/ulbd\/periodical\/zoom\/8947975\" target=\"_blank\" rel=\"noreferrer noopener\">Zeitungsportal NRW<\/a><\/td><\/tr><tr><td>Bemerkung:<\/td><td><em>Leseprobe als Werbung f\u00fcr den Jahrgang 1896 von \u201eBenziger\u2019s Marien-Kalender\u201c.<\/em><\/td><\/tr><\/tbody><\/table><\/figure>\n\n\n\n<div style=\"height:1px\" aria-hidden=\"true\" class=\"wp-block-spacer\"><\/div>\n\n\n\n<p class=\"has-medium-font-size\">Seite (3) in Nr. 219. von:<\/p>\n\n\n\n<figure class=\"wp-block-image size-full is-style-default\"><a href=\"https:\/\/www.karl-may.berlin\/wordpress\/wp-content\/uploads\/2024\/04\/6267-DuesseldorferVolksblatt-TK.jpg\"><img loading=\"lazy\" decoding=\"async\" width=\"1622\" height=\"373\" src=\"https:\/\/www.karl-may.berlin\/wordpress\/wp-content\/uploads\/2024\/04\/6267-DuesseldorferVolksblatt-TK.jpg\" alt=\"D\u00fcsseldorfer Volksblatt TK\" class=\"wp-image-6324\" srcset=\"https:\/\/www.karl-may.berlin\/wordpress\/wp-content\/uploads\/2024\/04\/6267-DuesseldorferVolksblatt-TK.jpg 1622w, https:\/\/www.karl-may.berlin\/wordpress\/wp-content\/uploads\/2024\/04\/6267-DuesseldorferVolksblatt-TK-300x69.jpg 300w, https:\/\/www.karl-may.berlin\/wordpress\/wp-content\/uploads\/2024\/04\/6267-DuesseldorferVolksblatt-TK-1024x235.jpg 1024w, https:\/\/www.karl-may.berlin\/wordpress\/wp-content\/uploads\/2024\/04\/6267-DuesseldorferVolksblatt-TK-768x177.jpg 768w, https:\/\/www.karl-may.berlin\/wordpress\/wp-content\/uploads\/2024\/04\/6267-DuesseldorferVolksblatt-TK-1536x353.jpg 1536w\" sizes=\"auto, (max-width: 1622px) 100vw, 1622px\" \/><\/a><figcaption class=\"wp-element-caption\">Titelkopf<\/figcaption><\/figure>\n\n\n\n<figure class=\"wp-block-table bibliografie zelle1 is-style-regular\"><table><tbody><tr><td>Titelkopf:<\/td><td>D\u00fcsseldorfer Volksblatt.<\/td><\/tr><tr><td>Untertitel:<\/td><td>Mit der illustrierten Beilage \u201eD\u00fcsseldorfer Sonntagsblatt\u201c.<\/td><\/tr><tr><td>Redaktion:<\/td><td>Chefredakteur Dr. Ed[uard] H\u00fcsgen. Verantw[ortlicher] Redakteur: Ludw[ig] Weber in D\u00fcsseldorf.<\/td><\/tr><tr><td>Jahrgang:<\/td><td>29. Jahrg[ang].<\/td><\/tr><tr><td>Turnus:<\/td><td>Erscheint t\u00e4glich.<\/td><\/tr><tr><td>Ort:<\/td><td>D\u00fcsseldorf<\/td><\/tr><tr><td>Verlag:<\/td><td>Verlag des D\u00fcsseld[orfer] Volksblattes, Gesellschaft m.\u202fb.\u202fH.<\/td><\/tr><tr><td>Druck:<\/td><td>Druck des D\u00fcssel[dorfer] Volksblattes, Gesellschaft m.\u202fb.\u202fH. in D\u00fcsseldorf.<\/td><\/tr><tr><td>Erschienen:<\/td><td>Montag, 12. August 1895 (Klara).<\/td><\/tr><tr><td>Format:<\/td><td>2\u00ba (Folio)<\/td><\/tr><\/tbody><\/table><\/figure>\n\n\n\n<div class=\"isbnissn\">\u2039ISSN 0170-5105\u203a<\/div>\n\n\n\n<p class=\"literaturverzeichnis has-medium-font-size\"><span class=\"harvard\">Referenzartikel<\/span> Sven-Roger Schulz: \u201eDu bist so still, Sihdi!\u201c \u00b7 Werbung mit einem Textschnipsel (I). In: Karl May in Leipzig \u00b7 35. Jahrgang, Nr. 136. Leipzig, Freundeskreis Karl May Leipzig, M\u00e4rz 2024; S. 8\u20139.<\/p>\n\n\n\n<div style=\"height:60px\" aria-hidden=\"true\" class=\"wp-block-spacer\"><\/div>\n\n\n\n<div class=\"wp-block-otfm-box-spoiler-end otfm-sp_end\"><\/div>\n\n\n\n<div class=\"wp-block-otfm-box-spoiler-start otfm-sp__wrapper otfm-sp__box js-otfm-sp-box__closed otfm-sp__bdcebe\" role=\"button\" tabindex=\"0\" aria-expanded=\"false\" data-otfm-spc=\"#bdcebe\" style=\"text-align:left\"><div class=\"otfm-sp__title\"><strong>Der Kys=Kaptschiji.<\/strong> In: <em>Gladbacher Volkszeitung.<\/em> 1895.<\/div><\/div>\n\n\n\n<div style=\"height:10px\" aria-hidden=\"true\" class=\"wp-block-spacer\"><\/div>\n\n\n\n<p class=\"has-medium-font-size\">Titelaufnahme:<\/p>\n\n\n\n<figure class=\"wp-block-image size-full is-resized is-style-default fl mt0\"><a href=\"https:\/\/www.karl-may.berlin\/wordpress\/wp-content\/uploads\/2024\/04\/6267-Kys-Gladbach.jpg\"><img loading=\"lazy\" decoding=\"async\" width=\"801\" height=\"175\" src=\"https:\/\/www.karl-may.berlin\/wordpress\/wp-content\/uploads\/2024\/04\/6267-Kys-Gladbach.jpg\" alt=\"Kys Gladbach Leseprobe\" class=\"wp-image-6351\" style=\"width:300px\" srcset=\"https:\/\/www.karl-may.berlin\/wordpress\/wp-content\/uploads\/2024\/04\/6267-Kys-Gladbach.jpg 801w, https:\/\/www.karl-may.berlin\/wordpress\/wp-content\/uploads\/2024\/04\/6267-Kys-Gladbach-300x66.jpg 300w, https:\/\/www.karl-may.berlin\/wordpress\/wp-content\/uploads\/2024\/04\/6267-Kys-Gladbach-768x168.jpg 768w\" sizes=\"auto, (max-width: 801px) 100vw, 801px\" \/><\/a><figcaption class=\"wp-element-caption\">Leseprobe<\/figcaption><\/figure>\n\n\n\n<figure class=\"wp-block-table bibliografie zelle1 is-style-regular\"><table><tbody><tr><td>Autor:<\/td><td>Karl [Friedrich] May<\/td><\/tr><tr><td>Titel:<\/td><td>Der Kys-Kaptschiji.<\/td><\/tr><tr><td>Untertitel:<\/td><td>Reiseerlebnisse von Dr. Karl May.<\/td><\/tr><tr><td>Erschienen:<\/td><td>17. August 1895<\/td><\/tr><tr><td>Digitalisat:<\/td><td><a href=\"https:\/\/zeitpunkt.nrw\/ulbbn\/periodical\/zoom\/2453502\" target=\"_blank\" rel=\"noreferrer noopener\">Zeitungsportal NRW<\/a><\/td><\/tr><tr><td>Bemerkung:<\/td><td><em>Leseprobe als Werbung f\u00fcr den Jahrgang 1896 von \u201eBenziger\u2019s Marien-Kalender\u201c.<\/em><\/td><\/tr><\/tbody><\/table><\/figure>\n\n\n\n<div style=\"height:1px\" aria-hidden=\"true\" class=\"wp-block-spacer\"><\/div>\n\n\n\n<p class=\"has-medium-font-size\">Zweites Blatt, Seite (4) in Nr. 89. von:<\/p>\n\n\n\n<figure class=\"wp-block-image size-full is-style-default\"><a href=\"https:\/\/www.karl-may.berlin\/wordpress\/wp-content\/uploads\/2024\/04\/6267-GladbacherVolkszeitung-TK.jpg\"><img loading=\"lazy\" decoding=\"async\" width=\"1621\" height=\"509\" src=\"https:\/\/www.karl-may.berlin\/wordpress\/wp-content\/uploads\/2024\/04\/6267-GladbacherVolkszeitung-TK.jpg\" alt=\"Gladbacher Volkszeitung TK\" class=\"wp-image-6350\" srcset=\"https:\/\/www.karl-may.berlin\/wordpress\/wp-content\/uploads\/2024\/04\/6267-GladbacherVolkszeitung-TK.jpg 1621w, https:\/\/www.karl-may.berlin\/wordpress\/wp-content\/uploads\/2024\/04\/6267-GladbacherVolkszeitung-TK-300x94.jpg 300w, https:\/\/www.karl-may.berlin\/wordpress\/wp-content\/uploads\/2024\/04\/6267-GladbacherVolkszeitung-TK-1024x322.jpg 1024w, https:\/\/www.karl-may.berlin\/wordpress\/wp-content\/uploads\/2024\/04\/6267-GladbacherVolkszeitung-TK-768x241.jpg 768w, https:\/\/www.karl-may.berlin\/wordpress\/wp-content\/uploads\/2024\/04\/6267-GladbacherVolkszeitung-TK-1536x482.jpg 1536w\" sizes=\"auto, (max-width: 1621px) 100vw, 1621px\" \/><\/a><figcaption class=\"wp-element-caption\">Titelkopf<\/figcaption><\/figure>\n\n\n\n<figure class=\"wp-block-table bibliografie zelle1 is-style-regular\"><table><tbody><tr><td>Titelkopf:<\/td><td>Gladbacher Volkszeitung.<\/td><\/tr><tr><td>Untertitel:<\/td><td>(Meistverbreitete politische Zeitung des Stadtkreises M.Gladbach und des Kreises Gladbach.)<\/td><\/tr><tr><td>Ausgabe:<\/td><td>Samstags=Ausgabe Nr. 33.<\/td><\/tr><tr><td>Redaktion:<\/td><td>Verantwortlicher Redakteur: Dr. [Heinrich] Frings, Gladbach.<\/td><\/tr><tr><td>Jahrgang:<\/td><td>24. Jahrgang.<\/td><\/tr><tr><td>Turnus:<\/td><td>erscheint t\u00e4glich, mit Ausnahme der Sonn- und Feiertage (Samstags mehrere Bl\u00e4tter \u2026)<\/td><\/tr><tr><td>Ort:<\/td><td>Gladbach<\/td><\/tr><tr><td>Verlag:<\/td><td>Expedition und Verlag: Franz van Oberger<\/td><\/tr><tr><td>Druck:<\/td><td>Druck: Franz van Oberger, Gladbach<\/td><\/tr><tr><td>Erschienen:<\/td><td>Samstag den 17. August. 1895.<\/td><\/tr><tr><td>Format:<\/td><td>2\u00ba (Folio)<\/td><\/tr><\/tbody><\/table><\/figure>\n\n\n\n<div class=\"isbnissn\">\u2039ISSN 0170-5105\u203a<\/div>\n\n\n\n<p class=\"literaturverzeichnis has-medium-font-size\"><span class=\"harvard\">Referenzartikel<\/span> Sven-Roger Schulz: \u201eDu bist so still, Sihdi!\u201c \u00b7 Werbung mit einem Textschnipsel (I). In: Karl May in Leipzig \u00b7 35. Jahrgang, Nr. 136. Leipzig, Freundeskreis Karl May Leipzig, M\u00e4rz 2024; S. 8\u20139.<\/p>\n\n\n\n<div style=\"height:60px\" aria-hidden=\"true\" class=\"wp-block-spacer\"><\/div>\n\n\n\n<div class=\"wp-block-otfm-box-spoiler-end otfm-sp_end\"><\/div>\n\n\n\n<div class=\"wp-block-otfm-box-spoiler-start otfm-sp__wrapper otfm-sp__box js-otfm-sp-box__closed otfm-sp__bdcebe\" role=\"button\" tabindex=\"0\" aria-expanded=\"false\" data-otfm-spc=\"#bdcebe\" style=\"text-align:left\"><div class=\"otfm-sp__title\"><strong>Der Kys=Kaptschiji.<\/strong> In: <em>K\u00e4rntner Zeitung.<\/em> 1895.<\/div><\/div>\n\n\n\n<div style=\"height:10px\" aria-hidden=\"true\" class=\"wp-block-spacer\"><\/div>\n\n\n\n<p class=\"has-medium-font-size\">Titelaufnahme:<\/p>\n\n\n\n<figure class=\"wp-block-image size-full is-resized is-style-default fl mt0\"><a href=\"https:\/\/www.karl-may.berlin\/wordpress\/wp-content\/uploads\/2024\/04\/6267-Kys-Klagenfurt.jpg\"><img loading=\"lazy\" decoding=\"async\" width=\"946\" height=\"976\" src=\"https:\/\/www.karl-may.berlin\/wordpress\/wp-content\/uploads\/2024\/04\/6267-Kys-Klagenfurt.jpg\" alt=\"Kys Klagenfurt Leseprobe\" class=\"wp-image-6425\" style=\"width:300px\" srcset=\"https:\/\/www.karl-may.berlin\/wordpress\/wp-content\/uploads\/2024\/04\/6267-Kys-Klagenfurt.jpg 946w, https:\/\/www.karl-may.berlin\/wordpress\/wp-content\/uploads\/2024\/04\/6267-Kys-Klagenfurt-291x300.jpg 291w, https:\/\/www.karl-may.berlin\/wordpress\/wp-content\/uploads\/2024\/04\/6267-Kys-Klagenfurt-768x792.jpg 768w\" sizes=\"auto, (max-width: 946px) 100vw, 946px\" \/><\/a><figcaption class=\"wp-element-caption\">Leseprobe<\/figcaption><\/figure>\n\n\n\n<figure class=\"wp-block-table bibliografie zelle1 is-style-regular\"><table><tbody><tr><td>Autor:<\/td><td>Karl [Friedrich] May<\/td><\/tr><tr><td>Titel:<\/td><td>Der Kys=Kaptschiji.<\/td><\/tr><tr><td>Untertitel:<\/td><td>Reiseerlebnis von Karl May.<\/td><\/tr><tr><td>Erschienen:<\/td><td>29. August 1895 [vielmehr: 28. August 1895]<\/td><\/tr><tr><td>Digitalisat:<\/td><td><a href=\"https:\/\/anno.onb.ac.at\/cgi-content\/anno?aid=knz&amp;datum=18950829&amp;seite=5\" target=\"_blank\" rel=\"noreferrer noopener\">\u00d6sterreichische Nationalbibliothek<\/a><\/td><\/tr><tr><td>Bemerkung:<\/td><td><em>Leseprobe als Werbung f\u00fcr den Jahrgang 1896 von \u201eBenziger\u2019s Marien-Kalender\u201c.<\/em><\/td><\/tr><\/tbody><\/table><\/figure>\n\n\n\n<div style=\"height:1px\" aria-hidden=\"true\" class=\"wp-block-spacer\"><\/div>\n\n\n\n<p class=\"has-medium-font-size\">Seite 5 in Nr. 197. von:<\/p>\n\n\n\n<figure class=\"wp-block-image size-full is-style-default\"><a href=\"https:\/\/www.karl-may.berlin\/wordpress\/wp-content\/uploads\/2024\/04\/6267-KaerntnerZeitung-TK.jpg\"><img loading=\"lazy\" decoding=\"async\" width=\"1800\" height=\"745\" src=\"https:\/\/www.karl-may.berlin\/wordpress\/wp-content\/uploads\/2024\/04\/6267-KaerntnerZeitung-TK.jpg\" alt=\"K\u00e4rtner Zeitung TK\" class=\"wp-image-6424\" srcset=\"https:\/\/www.karl-may.berlin\/wordpress\/wp-content\/uploads\/2024\/04\/6267-KaerntnerZeitung-TK.jpg 1800w, https:\/\/www.karl-may.berlin\/wordpress\/wp-content\/uploads\/2024\/04\/6267-KaerntnerZeitung-TK-300x124.jpg 300w, https:\/\/www.karl-may.berlin\/wordpress\/wp-content\/uploads\/2024\/04\/6267-KaerntnerZeitung-TK-1024x424.jpg 1024w, https:\/\/www.karl-may.berlin\/wordpress\/wp-content\/uploads\/2024\/04\/6267-KaerntnerZeitung-TK-768x318.jpg 768w, https:\/\/www.karl-may.berlin\/wordpress\/wp-content\/uploads\/2024\/04\/6267-KaerntnerZeitung-TK-1536x636.jpg 1536w\" sizes=\"auto, (max-width: 1800px) 100vw, 1800px\" \/><\/a><figcaption class=\"wp-element-caption\">Titelkopf<\/figcaption><\/figure>\n\n\n\n<figure class=\"wp-block-table bibliografie zelle1 is-style-regular\"><table><tbody><tr><td>Titelkopf:<\/td><td>K\u00e4rntner Zeitung.<\/td><\/tr><tr><td>Redaktion:<\/td><td>Verantwortlicher Redacteur: Paul Felder.<\/td><\/tr><tr><td>Jahrgang:<\/td><td>II. Jahrgang.<\/td><\/tr><tr><td>Turnus:<\/td><td>Erscheint t\u00e4glich abends mit dem Datum des folgenden Tages, au\u00dfer an Sonn- und Feiertagen.<\/td><\/tr><tr><td>Ort:<\/td><td>Klagenfurt<\/td><\/tr><tr><td>Verlag:<\/td><td>Herausgeber: St. Josef=Verein.<\/td><\/tr><tr><td>Druck:<\/td><td>St. Josef=Vereins=Buchdruckerei in Klagenfurt.<\/td><\/tr><tr><td>Erschienen:<\/td><td>Donnerstag den 29. August 1895. [vielmehr: Mittwoch, den 28. August 1895]<\/td><\/tr><tr><td>Format:<\/td><td>2\u00ba (Folio)<\/td><\/tr><\/tbody><\/table><\/figure>\n\n\n\n<div class=\"isbnissn\">\u2039ISSN 0170-5105\u203a<\/div>\n\n\n\n<p class=\"literaturverzeichnis has-medium-font-size\"><span class=\"harvard\">Referenzartikel<\/span> Sven-Roger Schulz: \u201eDu bist so still, Sihdi!\u201c \u00b7 Werbung mit einem Textschnipsel (I). In: Karl May in Leipzig \u00b7 35. Jahrgang, Nr. 136. Leipzig, Freundeskreis Karl May Leipzig, M\u00e4rz 2024; S. 8\u20139.<\/p>\n\n\n\n<div style=\"height:60px\" aria-hidden=\"true\" class=\"wp-block-spacer\"><\/div>\n\n\n\n<div class=\"wp-block-otfm-box-spoiler-end otfm-sp_end\"><\/div>\n\n\n\n<div class=\"wp-block-otfm-box-spoiler-start otfm-sp__wrapper otfm-sp__box js-otfm-sp-box__closed otfm-sp__bdcebe\" role=\"button\" tabindex=\"0\" aria-expanded=\"false\" data-otfm-spc=\"#bdcebe\" style=\"text-align:left\"><div class=\"otfm-sp__title\"><strong>Der Kys=Kaptschiji.<\/strong> In: <em>Mayener Volkszeitung.<\/em> 1895.<\/div><\/div>\n\n\n\n<div style=\"height:10px\" aria-hidden=\"true\" class=\"wp-block-spacer\"><\/div>\n\n\n\n<p class=\"has-medium-font-size\">Titelaufnahme:<\/p>\n\n\n\n<figure class=\"wp-block-image size-full is-resized is-style-default fl mt0\"><a href=\"https:\/\/www.karl-may.berlin\/wordpress\/wp-content\/uploads\/2024\/04\/6267-Kys-Mayen1.jpg\"><img loading=\"lazy\" decoding=\"async\" width=\"564\" height=\"255\" src=\"https:\/\/www.karl-may.berlin\/wordpress\/wp-content\/uploads\/2024\/04\/6267-Kys-Mayen1.jpg\" alt=\"Kys Maye1\" class=\"wp-image-6332\" style=\"width:300px\" srcset=\"https:\/\/www.karl-may.berlin\/wordpress\/wp-content\/uploads\/2024\/04\/6267-Kys-Mayen1.jpg 564w, https:\/\/www.karl-may.berlin\/wordpress\/wp-content\/uploads\/2024\/04\/6267-Kys-Mayen1-300x136.jpg 300w\" sizes=\"auto, (max-width: 564px) 100vw, 564px\" \/><\/a><figcaption class=\"wp-element-caption\">Leseprobe<\/figcaption><\/figure>\n\n\n\n<figure class=\"wp-block-table bibliografie zelle1 is-style-regular\"><table><tbody><tr><td>Autor:<\/td><td>Karl [Friedrich] May<\/td><\/tr><tr><td>Titel:<\/td><td>Der Kys=Kaptschiji.<\/td><\/tr><tr><td>Untertitel:<\/td><td>Reiseerlebnis von Dr. Karl May.<\/td><\/tr><tr><td>Erschienen [1]:<\/td><td>17. August 1895<\/td><\/tr><tr><td>Digitalisat [1]:<\/td><td><a href=\"https:\/\/zeitpunkt.nrw\/ulbbn\/periodical\/zoom\/2833887\" target=\"_blank\" rel=\"noreferrer noopener\">Zeitungsportal NRW<\/a><\/td><\/tr><tr><td>Erschienen [2]:<\/td><td>24. August 1895<\/td><\/tr><tr><td>Digitalisat [2]:<\/td><td><a href=\"https:\/\/zeitpunkt.nrw\/ulbbn\/periodical\/zoom\/2833911\" target=\"_blank\" rel=\"noreferrer noopener\">Zeitungsportal NRW<\/a><\/td><\/tr><tr><td>Bemerkung:<\/td><td><em>Leseprobe als Werbung f\u00fcr den Jahrgang 1896 von \u201eBenziger\u2019s Marien-Kalender\u201c.<\/em><\/td><\/tr><\/tbody><\/table><\/figure>\n\n\n\n<div style=\"height:1px\" aria-hidden=\"true\" class=\"wp-block-spacer\"><\/div>\n\n\n\n<p class=\"has-medium-font-size\">Seite (3) in Nr. 189. <em>und<\/em> Nr. 195. von:<\/p>\n\n\n\n<figure class=\"wp-block-image size-full is-style-default\"><a href=\"https:\/\/www.karl-may.berlin\/wordpress\/wp-content\/uploads\/2024\/04\/6267-MayenerVolkszeitung-TK1.jpg\"><img loading=\"lazy\" decoding=\"async\" width=\"1702\" height=\"546\" src=\"https:\/\/www.karl-may.berlin\/wordpress\/wp-content\/uploads\/2024\/04\/6267-MayenerVolkszeitung-TK1.jpg\" alt=\"Mayener Volkszeitung TK1\" class=\"wp-image-6333\" srcset=\"https:\/\/www.karl-may.berlin\/wordpress\/wp-content\/uploads\/2024\/04\/6267-MayenerVolkszeitung-TK1.jpg 1702w, https:\/\/www.karl-may.berlin\/wordpress\/wp-content\/uploads\/2024\/04\/6267-MayenerVolkszeitung-TK1-300x96.jpg 300w, https:\/\/www.karl-may.berlin\/wordpress\/wp-content\/uploads\/2024\/04\/6267-MayenerVolkszeitung-TK1-1024x328.jpg 1024w, https:\/\/www.karl-may.berlin\/wordpress\/wp-content\/uploads\/2024\/04\/6267-MayenerVolkszeitung-TK1-768x246.jpg 768w, https:\/\/www.karl-may.berlin\/wordpress\/wp-content\/uploads\/2024\/04\/6267-MayenerVolkszeitung-TK1-1536x493.jpg 1536w\" sizes=\"auto, (max-width: 1702px) 100vw, 1702px\" \/><\/a><figcaption class=\"wp-element-caption\">Titelkopf<\/figcaption><\/figure>\n\n\n\n<figure class=\"wp-block-table bibliografie zelle1 is-style-regular\"><table><tbody><tr><td>Titelkopf:<\/td><td>Mayener Volkszeitung.<\/td><\/tr><tr><td>Untertitel:<\/td><td>Organ der Centrumspartei f\u00fcr den Kreis Mayen.<\/td><\/tr><tr><td>Redaktion:<\/td><td>Redaktion von W[ilhelm] Ferrari in Mayen<\/td><\/tr><tr><td>Jahrgang:<\/td><td>22. Jahrg[ang].<\/td><\/tr><tr><td>Turnus:<\/td><td>erscheint w\u00f6chentlich 6mal [au\u00dfer Montags; jeweils wohl einen Tag vordatiert].<\/td><\/tr><tr><td>Ort:<\/td><td>Mayen<\/td><\/tr><tr><td>Verlag:<\/td><td>Verlag von W[ilhelm] Ferrari<\/td><\/tr><tr><td>Druck:<\/td><td>Druck von W[ilhelm] Ferrari in Mayen<\/td><\/tr><tr><td>Erschienen:<\/td><td>Samstag, 17. August 1895. (Joachim.) <em>und<\/em> Samstag, 24 August 1895. (Bartholom\u00e4us.)<\/td><\/tr><tr><td>Format:<\/td><td>2\u00ba (Folio)<\/td><\/tr><\/tbody><\/table><\/figure>\n\n\n\n<div class=\"isbnissn\">\u2039ISSN 0170-5105\u203a<\/div>\n\n\n\n<p class=\"literaturverzeichnis has-medium-font-size\"><span class=\"harvard\">Referenzartikel<\/span> Sven-Roger Schulz: \u201eDu bist so still, Sihdi!\u201c \u00b7 Werbung mit einem Textschnipsel (I). In: Karl May in Leipzig \u00b7 35. Jahrgang, Nr. 136. Leipzig, Freundeskreis Karl May Leipzig, M\u00e4rz 2024; S. 8\u20139.<\/p>\n\n\n\n<div style=\"height:60px\" aria-hidden=\"true\" class=\"wp-block-spacer\"><\/div>\n\n\n\n<div class=\"wp-block-otfm-box-spoiler-end otfm-sp_end\"><\/div>\n\n\n\n<div class=\"wp-block-otfm-box-spoiler-start otfm-sp__wrapper otfm-sp__box js-otfm-sp-box__closed otfm-sp__bdcebe\" role=\"button\" tabindex=\"0\" aria-expanded=\"false\" data-otfm-spc=\"#bdcebe\" style=\"text-align:left\"><div class=\"otfm-sp__title\"><strong>Der Kys=Kaptschiji.<\/strong> In: <em>Neue Tiroler Stimmen.<\/em> 1895.<\/div><\/div>\n\n\n\n<div style=\"height:10px\" aria-hidden=\"true\" class=\"wp-block-spacer\"><\/div>\n\n\n\n<p class=\"has-medium-font-size\">Titelaufnahme:<\/p>\n\n\n\n<figure class=\"wp-block-image size-full is-resized is-style-default fl mt0\"><a href=\"https:\/\/www.karl-may.berlin\/wordpress\/wp-content\/uploads\/2024\/04\/6267-Kys-Innsbruck.jpg\"><img loading=\"lazy\" decoding=\"async\" width=\"429\" height=\"386\" src=\"https:\/\/www.karl-may.berlin\/wordpress\/wp-content\/uploads\/2024\/04\/6267-Kys-Innsbruck.jpg\" alt=\"Kys Innsbruck Leseprobe\" class=\"wp-image-6390\" style=\"width:300px\" srcset=\"https:\/\/www.karl-may.berlin\/wordpress\/wp-content\/uploads\/2024\/04\/6267-Kys-Innsbruck.jpg 429w, https:\/\/www.karl-may.berlin\/wordpress\/wp-content\/uploads\/2024\/04\/6267-Kys-Innsbruck-300x270.jpg 300w\" sizes=\"auto, (max-width: 429px) 100vw, 429px\" \/><\/a><figcaption class=\"wp-element-caption\">Leseprobe<\/figcaption><\/figure>\n\n\n\n<figure class=\"wp-block-table bibliografie zelle1 is-style-regular\"><table><tbody><tr><td>Autor:<\/td><td>Karl [Friedrich] May<\/td><\/tr><tr><td>Titel:<\/td><td>Der Kys=Kaptschiji.<\/td><\/tr><tr><td>Untertitel:<\/td><td>Reiseerlebni\u00df von Dr. Karl May.<\/td><\/tr><tr><td>Erschienen:<\/td><td>24. August 1895<\/td><\/tr><tr><td>Digitalisat:<\/td><td><a href=\"https:\/\/digital.tessmann.it\/tessmannDigital\/Zeitungsarchiv\/Seite\/Zeitung\/62968\/1\/24.08.1895\/279701\/5\" target=\"_blank\" rel=\"noreferrer noopener\">Landesbibliothek Dr. Friedrich Te\u00dfmann<\/a><\/td><\/tr><tr><td>Bemerkung:<\/td><td><em>Leseprobe als Werbung f\u00fcr den Jahrgang 1896 von \u201eBenziger\u2019s Marien-Kalender\u201c.<\/em><\/td><\/tr><\/tbody><\/table><\/figure>\n\n\n\n<div style=\"height:1px\" aria-hidden=\"true\" class=\"wp-block-spacer\"><\/div>\n\n\n\n<p class=\"has-medium-font-size\">Seiten (5)\/6 (= Beilage) in \u2116. 193. von:<\/p>\n\n\n\n<figure class=\"wp-block-image size-full is-style-default\"><a href=\"https:\/\/www.karl-may.berlin\/wordpress\/wp-content\/uploads\/2024\/04\/6267-TirolerStimmen-TK.jpg\"><img loading=\"lazy\" decoding=\"async\" width=\"1252\" height=\"457\" src=\"https:\/\/www.karl-may.berlin\/wordpress\/wp-content\/uploads\/2024\/04\/6267-TirolerStimmen-TK.jpg\" alt=\"Tiroler Stimmen TK\" class=\"wp-image-6391\" srcset=\"https:\/\/www.karl-may.berlin\/wordpress\/wp-content\/uploads\/2024\/04\/6267-TirolerStimmen-TK.jpg 1252w, https:\/\/www.karl-may.berlin\/wordpress\/wp-content\/uploads\/2024\/04\/6267-TirolerStimmen-TK-300x110.jpg 300w, https:\/\/www.karl-may.berlin\/wordpress\/wp-content\/uploads\/2024\/04\/6267-TirolerStimmen-TK-1024x374.jpg 1024w, https:\/\/www.karl-may.berlin\/wordpress\/wp-content\/uploads\/2024\/04\/6267-TirolerStimmen-TK-768x280.jpg 768w\" sizes=\"auto, (max-width: 1252px) 100vw, 1252px\" \/><\/a><figcaption class=\"wp-element-caption\">Titelkopf<\/figcaption><\/figure>\n\n\n\n<figure class=\"wp-block-table bibliografie zelle1 is-style-regular\"><table><tbody><tr><td>Titelkopf:<\/td><td>Neue Tiroler Stimmen.<\/td><\/tr><tr><td>Untertitel:<\/td><td>F\u00fcr Gott, Kaiser und Vaterland.<\/td><\/tr><tr><td>Jahrgang:<\/td><td>Jahrgang XXXV<\/td><\/tr><tr><td>Redaktion:<\/td><td>Verantwortlicher Redakteur: Dr. Georg Jehly.<\/td><\/tr><tr><td>Turnus:<\/td><td>[T\u00e4glich, au\u00dfer an Sonn- und Feiertagen]<\/td><\/tr><tr><td>Ort:<\/td><td>Innsbruck<\/td><\/tr><tr><td>Verlag:<\/td><td>Verlag der Vereinsbuchhandlung &amp; Buchdruckerei<\/td><\/tr><tr><td>Druck:<\/td><td>Druck der Vereinsbuchhandlung &amp; Buchdruckerei in Innsbruck.<\/td><\/tr><tr><td>Erschienen:<\/td><td>Samstag 24. August 1895<\/td><\/tr><tr><td>Format:<\/td><td>2\u00ba (Folio)<\/td><\/tr><\/tbody><\/table><\/figure>\n\n\n\n<div class=\"isbnissn\">\u2039ISSN 0170-5105\u203a<\/div>\n\n\n\n<p class=\"literaturverzeichnis has-medium-font-size\"><span class=\"harvard\">Referenzartikel<\/span> Sven-Roger Schulz: \u201eDu bist so still, Sihdi!\u201c \u00b7 Werbung mit einem Textschnipsel (I). In: Karl May in Leipzig \u00b7 35. Jahrgang, Nr. 136. Leipzig, Freundeskreis Karl May Leipzig, M\u00e4rz 2024; S. 8\u20139.<\/p>\n\n\n\n<div style=\"height:60px\" aria-hidden=\"true\" class=\"wp-block-spacer\"><\/div>\n\n\n\n<div class=\"wp-block-otfm-box-spoiler-end otfm-sp_end\"><\/div>\n\n\n\n<div class=\"wp-block-otfm-box-spoiler-start otfm-sp__wrapper otfm-sp__box js-otfm-sp-box__closed otfm-sp__bdcebe\" role=\"button\" tabindex=\"0\" aria-expanded=\"false\" data-otfm-spc=\"#bdcebe\" style=\"text-align:left\"><div class=\"otfm-sp__title\"><strong>Der Kys-Kaptschiji.<\/strong> In: <em>Neue Warte am Inn.<\/em> 1895.<\/div><\/div>\n\n\n\n<div style=\"height:10px\" aria-hidden=\"true\" class=\"wp-block-spacer\"><\/div>\n\n\n\n<p class=\"has-medium-font-size\">Titelaufnahme:<\/p>\n\n\n\n<figure class=\"wp-block-image size-full is-resized is-style-default fl mt0\"><a href=\"https:\/\/www.karl-may.berlin\/wordpress\/wp-content\/uploads\/2024\/04\/6267-Kys-Braunau.jpg\"><img loading=\"lazy\" decoding=\"async\" width=\"1110\" height=\"531\" src=\"https:\/\/www.karl-may.berlin\/wordpress\/wp-content\/uploads\/2024\/04\/6267-Kys-Braunau.jpg\" alt=\"Kys-Braunau Leseprobe\" class=\"wp-image-6369\" style=\"width:300px\" srcset=\"https:\/\/www.karl-may.berlin\/wordpress\/wp-content\/uploads\/2024\/04\/6267-Kys-Braunau.jpg 1110w, https:\/\/www.karl-may.berlin\/wordpress\/wp-content\/uploads\/2024\/04\/6267-Kys-Braunau-300x144.jpg 300w, https:\/\/www.karl-may.berlin\/wordpress\/wp-content\/uploads\/2024\/04\/6267-Kys-Braunau-1024x490.jpg 1024w, https:\/\/www.karl-may.berlin\/wordpress\/wp-content\/uploads\/2024\/04\/6267-Kys-Braunau-768x367.jpg 768w\" sizes=\"auto, (max-width: 1110px) 100vw, 1110px\" \/><\/a><figcaption class=\"wp-element-caption\">Leseprobe<\/figcaption><\/figure>\n\n\n\n<figure class=\"wp-block-table bibliografie zelle1 is-style-regular\"><table><tbody><tr><td>Autor:<\/td><td>Karl [Friedrich] May<\/td><\/tr><tr><td>Titel:<\/td><td>Der Kys-Kaptschiji.<\/td><\/tr><tr><td>Untertitel:<\/td><td>Reiseerlebni\u00df von Dr. Karl May.<\/td><\/tr><tr><td>Erschienen:<\/td><td>17. August 1895 <em>und<\/em> 24. August 1895<\/td><\/tr><tr><td>Digitalisat:<\/td><td><a href=\"https:\/\/anno.onb.ac.at\/cgi-content\/anno?aid=nwi&amp;datum=18950817&amp;seite=6\" target=\"_blank\" rel=\"noreferrer noopener\">\u00d6sterreichische Nationalbibliothek<\/a><\/td><\/tr><tr><td>Bemerkung:<\/td><td><em>Leseprobe als Werbung f\u00fcr den Jahrgang 1896 von \u201eBenziger\u2019s Marien-Kalender\u201c.<\/em><\/td><\/tr><\/tbody><\/table><\/figure>\n\n\n\n<div style=\"height:1px\" aria-hidden=\"true\" class=\"wp-block-spacer\"><\/div>\n\n\n\n<p class=\"has-medium-font-size\">Seite 6 in Nr. 33. <em>und<\/em> Seite 7 in Nr. 34 von:<\/p>\n\n\n\n<figure class=\"wp-block-image size-full is-style-default\"><a href=\"https:\/\/www.karl-may.berlin\/wordpress\/wp-content\/uploads\/2024\/04\/6267-NeueWarte-TK.jpg\"><img loading=\"lazy\" decoding=\"async\" width=\"1800\" height=\"405\" src=\"https:\/\/www.karl-may.berlin\/wordpress\/wp-content\/uploads\/2024\/04\/6267-NeueWarte-TK.jpg\" alt=\"Neue Warte - TK\" class=\"wp-image-6370\" srcset=\"https:\/\/www.karl-may.berlin\/wordpress\/wp-content\/uploads\/2024\/04\/6267-NeueWarte-TK.jpg 1800w, https:\/\/www.karl-may.berlin\/wordpress\/wp-content\/uploads\/2024\/04\/6267-NeueWarte-TK-300x68.jpg 300w, https:\/\/www.karl-may.berlin\/wordpress\/wp-content\/uploads\/2024\/04\/6267-NeueWarte-TK-1024x230.jpg 1024w, https:\/\/www.karl-may.berlin\/wordpress\/wp-content\/uploads\/2024\/04\/6267-NeueWarte-TK-768x173.jpg 768w, https:\/\/www.karl-may.berlin\/wordpress\/wp-content\/uploads\/2024\/04\/6267-NeueWarte-TK-1536x346.jpg 1536w\" sizes=\"auto, (max-width: 1800px) 100vw, 1800px\" \/><\/a><figcaption class=\"wp-element-caption\">Titelkopf<\/figcaption><\/figure>\n\n\n\n<figure class=\"wp-block-table bibliografie zelle1 is-style-regular\"><table><tbody><tr><td>Titelkopf:<\/td><td>Neue Warte am Inn.<\/td><\/tr><tr><td>Untertitel:<\/td><td>Organ f\u00fcr Interessenvertretung des Bauern= und Gewerbestandes.<\/td><\/tr><tr><td>Jahrgang:<\/td><td>15. Jahrg[ang].<\/td><\/tr><tr><td>Redaktion:<\/td><td>Redaktion: Josef Stampfl.<\/td><\/tr><tr><td>Turnus:<\/td><td>Erscheint jeden Sonntag [vielmehr: Samstag].<\/td><\/tr><tr><td>Ort:<\/td><td>Braunau am Inn<\/td><\/tr><tr><td>Verlag:<\/td><td>Verlag: Josef Stampfl u. Comp.<\/td><\/tr><tr><td>Druck:<\/td><td>Druck: Josef Stampfl u. Comp. in Braunau am Inn<\/td><\/tr><tr><td>Erschienen:<\/td><td>Braunau, den 17. August 1895. <em>und<\/em> Braunau, den 24. August 1895.<\/td><\/tr><tr><td>Format:<\/td><td>2\u00ba (Folio)<\/td><\/tr><\/tbody><\/table><\/figure>\n\n\n\n<div class=\"isbnissn\">\u2039ISSN 0170-5105\u203a<\/div>\n\n\n\n<p class=\"literaturverzeichnis has-medium-font-size\"><span class=\"harvard\">Referenzartikel<\/span> Sven-Roger Schulz: \u201eDu bist so still, Sihdi!\u201c \u00b7 Werbung mit einem Textschnipsel (I). In: Karl May in Leipzig \u00b7 35. Jahrgang, Nr. 136. Leipzig, Freundeskreis Karl May Leipzig, M\u00e4rz 2024; S. 8\u20139.<\/p>\n\n\n\n<div style=\"height:60px\" aria-hidden=\"true\" class=\"wp-block-spacer\"><\/div>\n\n\n\n<div class=\"wp-block-otfm-box-spoiler-end otfm-sp_end\"><\/div>\n\n\n\n<div class=\"wp-block-otfm-box-spoiler-start otfm-sp__wrapper otfm-sp__box js-otfm-sp-box__closed otfm-sp__bdcebe\" role=\"button\" tabindex=\"0\" aria-expanded=\"false\" data-otfm-spc=\"#bdcebe\" style=\"text-align:left\"><div class=\"otfm-sp__title\"><strong>Der Kys=Kaptschiji.<\/strong> In: <em>Nidwaldner Volks-Blatt.<\/em> 1895.<\/div><\/div>\n\n\n\n<div style=\"height:10px\" aria-hidden=\"true\" class=\"wp-block-spacer\"><\/div>\n\n\n\n<p class=\"has-medium-font-size\">Titelaufnahme:<\/p>\n\n\n\n<figure class=\"wp-block-image size-full is-resized is-style-default fl mt0\"><a href=\"https:\/\/www.karl-may.berlin\/wordpress\/wp-content\/uploads\/2024\/04\/6267-Kys-Nidwalden.jpg\"><img loading=\"lazy\" decoding=\"async\" width=\"958\" height=\"766\" src=\"https:\/\/www.karl-may.berlin\/wordpress\/wp-content\/uploads\/2024\/04\/6267-Kys-Nidwalden.jpg\" alt=\"Nidwaldner Volksblatt Lesepropbe\" class=\"wp-image-6293\" style=\"width:300px\" srcset=\"https:\/\/www.karl-may.berlin\/wordpress\/wp-content\/uploads\/2024\/04\/6267-Kys-Nidwalden.jpg 958w, https:\/\/www.karl-may.berlin\/wordpress\/wp-content\/uploads\/2024\/04\/6267-Kys-Nidwalden-300x240.jpg 300w, https:\/\/www.karl-may.berlin\/wordpress\/wp-content\/uploads\/2024\/04\/6267-Kys-Nidwalden-768x614.jpg 768w\" sizes=\"auto, (max-width: 958px) 100vw, 958px\" \/><\/a><figcaption class=\"wp-element-caption\">Leseprobe<\/figcaption><\/figure>\n\n\n\n<figure class=\"wp-block-table bibliografie zelle1 is-style-regular\"><table><tbody><tr><td>Autor:<\/td><td>Karl [Friedrich] May<\/td><\/tr><tr><td>Titel:<\/td><td>Der Kys=Kaptschiji.<\/td><\/tr><tr><td>Untertitel:<\/td><td>Reiseerlebni\u00df von Dr. Karl May.<\/td><\/tr><tr><td>Erschienen:<\/td><td>27. Juli 1895<\/td><\/tr><tr><td>Digitalisat:<\/td><td><a href=\"http:\/\/www.e-newspaperarchives.ch\/?a=d&amp;d=NVB18950720-01.1.3\" target=\"_blank\" rel=\"noreferrer noopener\">Schweizerische Nationalbibliothek<\/a><\/td><\/tr><tr><td>Bemerkung:<\/td><td><em>Leseprobe als Werbung f\u00fcr den Jahrgang 1896 von \u201eBenziger\u2019s Marien-Kalender\u201c.<\/em><\/td><\/tr><\/tbody><\/table><\/figure>\n\n\n\n<div style=\"height:1px\" aria-hidden=\"true\" class=\"wp-block-spacer\"><\/div>\n\n\n\n<p class=\"has-medium-font-size\">Seite 3 in \u2116. 30. von:<\/p>\n\n\n\n<figure class=\"wp-block-image size-full is-style-default\"><a href=\"https:\/\/www.karl-may.berlin\/wordpress\/wp-content\/uploads\/2024\/04\/6267-NidwaldnerVolksblatt-TK.jpg\"><img loading=\"lazy\" decoding=\"async\" width=\"1597\" height=\"654\" src=\"https:\/\/www.karl-may.berlin\/wordpress\/wp-content\/uploads\/2024\/04\/6267-NidwaldnerVolksblatt-TK.jpg\" alt=\"Nidwaldner Volksblatt TK\" class=\"wp-image-6294\" srcset=\"https:\/\/www.karl-may.berlin\/wordpress\/wp-content\/uploads\/2024\/04\/6267-NidwaldnerVolksblatt-TK.jpg 1597w, https:\/\/www.karl-may.berlin\/wordpress\/wp-content\/uploads\/2024\/04\/6267-NidwaldnerVolksblatt-TK-300x123.jpg 300w, https:\/\/www.karl-may.berlin\/wordpress\/wp-content\/uploads\/2024\/04\/6267-NidwaldnerVolksblatt-TK-1024x419.jpg 1024w, https:\/\/www.karl-may.berlin\/wordpress\/wp-content\/uploads\/2024\/04\/6267-NidwaldnerVolksblatt-TK-768x315.jpg 768w, https:\/\/www.karl-may.berlin\/wordpress\/wp-content\/uploads\/2024\/04\/6267-NidwaldnerVolksblatt-TK-1536x629.jpg 1536w\" sizes=\"auto, (max-width: 1597px) 100vw, 1597px\" \/><\/a><figcaption class=\"wp-element-caption\">Titelkopf<\/figcaption><\/figure>\n\n\n\n<figure class=\"wp-block-table bibliografie zelle1 is-style-regular\"><table><tbody><tr><td>Titelkopf:<\/td><td>Nidwaldner Volks-Blatt.<\/td><\/tr><tr><td>Jahrgang:<\/td><td>Neunundzwanzigster Jahrgang.<\/td><\/tr><tr><td>Turnus:<\/td><td>Erscheint alle Samstage Vormittags.<\/td><\/tr><tr><td>Ort:<\/td><td>Stans<\/td><\/tr><tr><td>Verlag:<\/td><td>Verlag und Expedition der Buchhandlung [Caspar] von Matt<\/td><\/tr><tr><td>Druck:<\/td><td>Druck von Paul von Matt<\/td><\/tr><tr><td>Erschienen:<\/td><td>Samstag, 23. Juli 1895.<\/td><\/tr><tr><td>Format:<\/td><td>2\u00ba (Folio)<\/td><\/tr><\/tbody><\/table><\/figure>\n\n\n\n<div class=\"isbnissn\">\u2039ISSN 0170-5105\u203a<\/div>\n\n\n\n<p class=\"literaturverzeichnis has-medium-font-size\"><span class=\"harvard\">Referenzartikel<\/span> Sven-Roger Schulz: \u201eDu bist so still, Sihdi!\u201c \u00b7 Werbung mit einem Textschnipsel (I). In: Karl May in Leipzig \u00b7 35. Jahrgang, Nr. 136. Leipzig, Freundeskreis Karl May Leipzig, M\u00e4rz 2024; S. 8\u20139.<\/p>\n\n\n\n<div style=\"height:60px\" aria-hidden=\"true\" class=\"wp-block-spacer\"><\/div>\n\n\n\n<div class=\"wp-block-otfm-box-spoiler-end otfm-sp_end\"><\/div>\n\n\n\n<div class=\"wp-block-otfm-box-spoiler-start otfm-sp__wrapper otfm-sp__box js-otfm-sp-box__closed otfm-sp__bdcebe\" role=\"button\" tabindex=\"0\" aria-expanded=\"false\" data-otfm-spc=\"#bdcebe\" style=\"text-align:left\"><div class=\"otfm-sp__title\"><strong>Der Kys=Kaptschiji.<\/strong> In: <em>Obermosel-Zeitung.<\/em> 1895.<\/div><\/div>\n\n\n\n<div style=\"height:10px\" aria-hidden=\"true\" class=\"wp-block-spacer\"><\/div>\n\n\n\n<p class=\"has-medium-font-size\">Titelaufnahme:<\/p>\n\n\n\n<figure class=\"wp-block-image size-full is-resized is-style-default fl mt0\"><a href=\"https:\/\/www.karl-may.berlin\/wordpress\/wp-content\/uploads\/2024\/07\/2528-kys-lux.jpg\"><img loading=\"lazy\" decoding=\"async\" width=\"565\" height=\"1200\" src=\"https:\/\/www.karl-may.berlin\/wordpress\/wp-content\/uploads\/2024\/07\/2528-kys-lux.jpg\" alt=\"Kys Lux\" class=\"wp-image-7213\" style=\"width:300px\" srcset=\"https:\/\/www.karl-may.berlin\/wordpress\/wp-content\/uploads\/2024\/07\/2528-kys-lux.jpg 565w, https:\/\/www.karl-may.berlin\/wordpress\/wp-content\/uploads\/2024\/07\/2528-kys-lux-141x300.jpg 141w, https:\/\/www.karl-may.berlin\/wordpress\/wp-content\/uploads\/2024\/07\/2528-kys-lux-482x1024.jpg 482w\" sizes=\"auto, (max-width: 565px) 100vw, 565px\" \/><\/a><figcaption class=\"wp-element-caption\">Annonce mit Leseprobe<\/figcaption><\/figure>\n\n\n\n<figure class=\"wp-block-table bibliografie zelle1 is-style-regular\"><table><tbody><tr><td>Autor:<\/td><td>Karl [Friedrich] May<\/td><\/tr><tr><td>Titel:<\/td><td>Der Kys=Kaptschiji.<\/td><\/tr><tr><td>Untertitel:<\/td><td>Reiseerlebnis von Dr. Karl May.<\/td><\/tr><tr><td>Erschienen:<\/td><td>23. August 1895<\/td><\/tr><tr><td>Digitalisat:<\/td><td><a href=\"https:\/\/viewer.eluxemburgensia.lu\/ark:70795\/wzg9kq\/pages\/3\" target=\"_blank\" rel=\"noreferrer noopener\">eLuxemburgensia<\/a><\/td><\/tr><tr><td>Bemerkung:<\/td><td><em>Leseprobe als Werbung f\u00fcr den Jahrgang 1896 von \u201eBenziger\u2019s Marien-Kalender\u201c.<\/em><\/td><\/tr><\/tbody><\/table><\/figure>\n\n\n\n<div style=\"height:1px\" aria-hidden=\"true\" class=\"wp-block-spacer\"><\/div>\n\n\n\n<p class=\"has-medium-font-size\">Unter der Spitzmarke \u201eLiterarisches.\u201c auf Seite (3) in No. 68. von:<\/p>\n\n\n\n<figure class=\"wp-block-image size-full is-style-default\"><a href=\"https:\/\/www.karl-may.berlin\/wordpress\/wp-content\/uploads\/2024\/07\/2528-obermosel1895-TK.jpg\"><img loading=\"lazy\" decoding=\"async\" width=\"1800\" height=\"241\" src=\"https:\/\/www.karl-may.berlin\/wordpress\/wp-content\/uploads\/2024\/07\/2528-obermosel1895-TK.jpg\" alt=\"Obermosel-Z TK\" class=\"wp-image-7214\" srcset=\"https:\/\/www.karl-may.berlin\/wordpress\/wp-content\/uploads\/2024\/07\/2528-obermosel1895-TK.jpg 1800w, https:\/\/www.karl-may.berlin\/wordpress\/wp-content\/uploads\/2024\/07\/2528-obermosel1895-TK-300x40.jpg 300w, https:\/\/www.karl-may.berlin\/wordpress\/wp-content\/uploads\/2024\/07\/2528-obermosel1895-TK-1024x137.jpg 1024w, https:\/\/www.karl-may.berlin\/wordpress\/wp-content\/uploads\/2024\/07\/2528-obermosel1895-TK-768x103.jpg 768w, https:\/\/www.karl-may.berlin\/wordpress\/wp-content\/uploads\/2024\/07\/2528-obermosel1895-TK-1536x206.jpg 1536w\" sizes=\"auto, (max-width: 1800px) 100vw, 1800px\" \/><\/a><figcaption class=\"wp-element-caption\">Titelkopf<\/figcaption><\/figure>\n\n\n\n<figure class=\"wp-block-table bibliografie zelle1 is-style-regular\"><table><tbody><tr><td>Titelkopf:<\/td><td>Obermosel-Zeitung<\/td><\/tr><tr><td>Untertitel:<\/td><td>Meistverbreitete Zeitung des Gro\u00dfherzogtums Luxemburg.<\/td><\/tr><tr><td>Jahrgang:<\/td><td>F\u00fcnfzehnter Jahrgang.<\/td><\/tr><tr><td>Turnus:<\/td><td>Wird Dienstags und Freitags gedruckt<\/td><\/tr><tr><td>Ort:<\/td><td>Grevenmacher<\/td><\/tr><tr><td>Verlag:<\/td><td>Verlag von J[osef] Esslen<\/td><\/tr><tr><td>Druck:<\/td><td>Druck von J[osef] Esslen in Grevenmacher<\/td><\/tr><tr><td>Erschienen:<\/td><td>Freitag, 23. August 1895<\/td><\/tr><tr><td>Format:<\/td><td>2\u00ba (Folio)<\/td><\/tr><\/tbody><\/table><\/figure>\n\n\n\n<div class=\"isbnissn\">\u2039ISSN 0170-5105\u203a<\/div>\n\n\n\n<p class=\"literaturverzeichnis has-medium-font-size\"><span class=\"harvard\">Referenzartikel<\/span> Martin Schulz: \u201eZufall oder Schickung?\u201c \u00b7 Werbung mit einem Textschnipsel (II). In: Karl May in Leipzig \u00b7 35. Jahrgang, Nr. 137. Leipzig, Freundeskreis Karl May Leipzig, Juni 2024; S. 8\u201310.<\/p>\n\n\n\n<div style=\"height:60px\" aria-hidden=\"true\" class=\"wp-block-spacer\"><\/div>\n\n\n\n<div class=\"wp-block-otfm-box-spoiler-end otfm-sp_end\"><\/div>\n\n\n\n<div class=\"wp-block-otfm-box-spoiler-start otfm-sp__wrapper otfm-sp__box js-otfm-sp-box__closed otfm-sp__bdcebe\" role=\"button\" tabindex=\"0\" aria-expanded=\"false\" data-otfm-spc=\"#bdcebe\" style=\"text-align:left\"><div class=\"otfm-sp__title\"><strong>Der Kys=Kaptschiji.<\/strong> In: <em>Sieg-Bote.<\/em> 1895.<\/div><\/div>\n\n\n\n<div style=\"height:10px\" aria-hidden=\"true\" class=\"wp-block-spacer\"><\/div>\n\n\n\n<p class=\"has-medium-font-size\">Titelaufnahme:<\/p>\n\n\n\n<figure class=\"wp-block-image size-full is-resized is-style-default fl mt0\"><a href=\"https:\/\/www.karl-may.berlin\/wordpress\/wp-content\/uploads\/2024\/04\/6267-Kys-Siegburg.jpg\"><img loading=\"lazy\" decoding=\"async\" width=\"413\" height=\"225\" src=\"https:\/\/www.karl-may.berlin\/wordpress\/wp-content\/uploads\/2024\/04\/6267-Kys-Siegburg.jpg\" alt=\"Kys Siegburg Leseprobe\" class=\"wp-image-6382\" style=\"width:300px\" srcset=\"https:\/\/www.karl-may.berlin\/wordpress\/wp-content\/uploads\/2024\/04\/6267-Kys-Siegburg.jpg 413w, https:\/\/www.karl-may.berlin\/wordpress\/wp-content\/uploads\/2024\/04\/6267-Kys-Siegburg-300x163.jpg 300w\" sizes=\"auto, (max-width: 413px) 100vw, 413px\" \/><\/a><figcaption class=\"wp-element-caption\">Leseprobe<\/figcaption><\/figure>\n\n\n\n<figure class=\"wp-block-table bibliografie zelle1 is-style-regular\"><table><tbody><tr><td>Autor:<\/td><td>Karl [Friedrich] May<\/td><\/tr><tr><td>Titel:<\/td><td>Der Kys=Kaptschiji.<\/td><\/tr><tr><td>Untertitel:<\/td><td>Reiseerlebni\u00df von Dr. Karl May.<\/td><\/tr><tr><td>Erschienen:<\/td><td>24. August 1895<\/td><\/tr><tr><td>Digitalisat:<\/td><td><a href=\"https:\/\/zeitpunkt.nrw\/ulbbn\/periodical\/zoom\/1786625\" target=\"_blank\" rel=\"noreferrer noopener\">Zeitungsportal NRW<\/a><\/td><\/tr><tr><td>Bemerkung:<\/td><td><em>Leseprobe als Werbung f\u00fcr den Jahrgang 1896 von \u201eBenziger\u2019s Marien-Kalender\u201c.<\/em><\/td><\/tr><\/tbody><\/table><\/figure>\n\n\n\n<div style=\"height:1px\" aria-hidden=\"true\" class=\"wp-block-spacer\"><\/div>\n\n\n\n<p class=\"has-medium-font-size\">Zweites Blatt, Seite (3) in \u2116 63. von:<\/p>\n\n\n\n<figure class=\"wp-block-image size-full is-style-default\"><a href=\"https:\/\/www.karl-may.berlin\/wordpress\/wp-content\/uploads\/2024\/04\/6267-SiegBote-TK.jpg\"><img loading=\"lazy\" decoding=\"async\" width=\"1605\" height=\"418\" src=\"https:\/\/www.karl-may.berlin\/wordpress\/wp-content\/uploads\/2024\/04\/6267-SiegBote-TK.jpg\" alt=\"Sieg-Bote TK\" class=\"wp-image-6383\" srcset=\"https:\/\/www.karl-may.berlin\/wordpress\/wp-content\/uploads\/2024\/04\/6267-SiegBote-TK.jpg 1605w, https:\/\/www.karl-may.berlin\/wordpress\/wp-content\/uploads\/2024\/04\/6267-SiegBote-TK-300x78.jpg 300w, https:\/\/www.karl-may.berlin\/wordpress\/wp-content\/uploads\/2024\/04\/6267-SiegBote-TK-1024x267.jpg 1024w, https:\/\/www.karl-may.berlin\/wordpress\/wp-content\/uploads\/2024\/04\/6267-SiegBote-TK-768x200.jpg 768w, https:\/\/www.karl-may.berlin\/wordpress\/wp-content\/uploads\/2024\/04\/6267-SiegBote-TK-1536x400.jpg 1536w\" sizes=\"auto, (max-width: 1605px) 100vw, 1605px\" \/><\/a><figcaption class=\"wp-element-caption\">Titelkopf<\/figcaption><\/figure>\n\n\n\n<figure class=\"wp-block-table bibliografie zelle1 is-style-regular\"><table><tbody><tr><td>Titelkopf:<\/td><td>Sieg-Bote.<\/td><\/tr><tr><td>Jahrgang:<\/td><td>XI. Jahrgang.<\/td><\/tr><tr><td>Redaktion:<\/td><td>F\u00fcr die Redaktion verantwortlich: Heinrich Theissing in K\u00f6ln.<\/td><\/tr><tr><td>Turnus:<\/td><td>Erscheint Dienstag, Donnerstag und Samstag.<\/td><\/tr><tr><td>Ort:<\/td><td>Siegburg=K\u00f6ln<\/td><\/tr><tr><td>Verlag:<\/td><td>Verlag von Heinrich Theissing<\/td><\/tr><tr><td>Druck:<\/td><td>Druck von Heinrich Theissing in Siegburg=K\u00f6ln.<\/td><\/tr><tr><td>Erschienen:<\/td><td>Siegburg, den 24. August 1895.<\/td><\/tr><tr><td>Format:<\/td><td>2\u00ba (Folio)<\/td><\/tr><\/tbody><\/table><\/figure>\n\n\n\n<div class=\"isbnissn\">\u2039ISSN 0170-5105\u203a<\/div>\n\n\n\n<p class=\"literaturverzeichnis has-medium-font-size\"><span class=\"harvard\">Referenzartikel<\/span> Sven-Roger Schulz: \u201eDu bist so still, Sihdi!\u201c \u00b7 Werbung mit einem Textschnipsel (I). In: Karl May in Leipzig \u00b7 35. Jahrgang, Nr. 136. Leipzig, Freundeskreis Karl May Leipzig, M\u00e4rz 2024; S. 8\u20139.<\/p>\n\n\n\n<div style=\"height:60px\" aria-hidden=\"true\" class=\"wp-block-spacer\"><\/div>\n\n\n\n<div class=\"wp-block-otfm-box-spoiler-end otfm-sp_end\"><\/div>\n\n\n\n<div class=\"wp-block-otfm-box-spoiler-start otfm-sp__wrapper otfm-sp__box js-otfm-sp-box__closed otfm-sp__bdcebe\" role=\"button\" tabindex=\"0\" aria-expanded=\"false\" data-otfm-spc=\"#bdcebe\" style=\"text-align:left\"><div class=\"otfm-sp__title\"><strong>Der Kys-Kaptschiji.<\/strong> In: <em>Tag- und Anzeigblatt.<\/em> 1895.<\/div><\/div>\n\n\n\n<div style=\"height:10px\" aria-hidden=\"true\" class=\"wp-block-spacer\"><\/div>\n\n\n\n<p class=\"has-medium-font-size\">Titelaufnahme:<\/p>\n\n\n\n<figure class=\"wp-block-image size-full is-resized is-style-default fl mt0\"><a href=\"https:\/\/www.karl-may.berlin\/wordpress\/wp-content\/uploads\/2024\/04\/6267-Kys-Dillingen.jpg\"><img loading=\"lazy\" decoding=\"async\" width=\"850\" height=\"954\" src=\"https:\/\/www.karl-may.berlin\/wordpress\/wp-content\/uploads\/2024\/04\/6267-Kys-Dillingen.jpg\" alt=\"Kys Dillingen Leseprobe\" class=\"wp-image-6416\" style=\"width:300px\" srcset=\"https:\/\/www.karl-may.berlin\/wordpress\/wp-content\/uploads\/2024\/04\/6267-Kys-Dillingen.jpg 850w, https:\/\/www.karl-may.berlin\/wordpress\/wp-content\/uploads\/2024\/04\/6267-Kys-Dillingen-267x300.jpg 267w, https:\/\/www.karl-may.berlin\/wordpress\/wp-content\/uploads\/2024\/04\/6267-Kys-Dillingen-768x862.jpg 768w\" sizes=\"auto, (max-width: 850px) 100vw, 850px\" \/><\/a><figcaption class=\"wp-element-caption\">Leseprobe<\/figcaption><\/figure>\n\n\n\n<figure class=\"wp-block-table bibliografie zelle1 is-style-regular\"><table><tbody><tr><td>Autor:<\/td><td>Karl [Friedrich] May<\/td><\/tr><tr><td>Titel:<\/td><td>Der Kys-Kaptschiji.<\/td><\/tr><tr><td>Untertitel:<\/td><td>Reise=Erlebnis von Dr. Karl May.<\/td><\/tr><tr><td>Erschienen:<\/td><td>25. August 1895 [vielmehr: 24. August]<\/td><\/tr><tr><td>Digitalisat:<\/td><td><a href=\"https:\/\/www.digitale-sammlungen.de\/de\/view\/bsb11483276?page=188\" target=\"_blank\" rel=\"noreferrer noopener\">Bayerische Staatsbibliothek<\/a><\/td><\/tr><tr><td>Bemerkung:<\/td><td><em>Leseprobe als Werbung f\u00fcr den Jahrgang 1896 von \u201eBenziger\u2019s Marien-Kalender\u201c.<\/em><\/td><\/tr><\/tbody><\/table><\/figure>\n\n\n\n<div style=\"height:1px\" aria-hidden=\"true\" class=\"wp-block-spacer\"><\/div>\n\n\n\n<p class=\"has-medium-font-size\">Seiten 2\u20133 in \u2116 192 von:<\/p>\n\n\n\n<figure class=\"wp-block-image size-full is-style-default\"><a href=\"https:\/\/www.karl-may.berlin\/wordpress\/wp-content\/uploads\/2024\/04\/6267-TagAnzeigblatt-TK.jpg\"><img loading=\"lazy\" decoding=\"async\" width=\"1800\" height=\"501\" src=\"https:\/\/www.karl-may.berlin\/wordpress\/wp-content\/uploads\/2024\/04\/6267-TagAnzeigblatt-TK.jpg\" alt=\"Tag- und Anzeigblatt TK\" class=\"wp-image-6417\" srcset=\"https:\/\/www.karl-may.berlin\/wordpress\/wp-content\/uploads\/2024\/04\/6267-TagAnzeigblatt-TK.jpg 1800w, https:\/\/www.karl-may.berlin\/wordpress\/wp-content\/uploads\/2024\/04\/6267-TagAnzeigblatt-TK-300x84.jpg 300w, https:\/\/www.karl-may.berlin\/wordpress\/wp-content\/uploads\/2024\/04\/6267-TagAnzeigblatt-TK-1024x285.jpg 1024w, https:\/\/www.karl-may.berlin\/wordpress\/wp-content\/uploads\/2024\/04\/6267-TagAnzeigblatt-TK-768x214.jpg 768w, https:\/\/www.karl-may.berlin\/wordpress\/wp-content\/uploads\/2024\/04\/6267-TagAnzeigblatt-TK-1536x428.jpg 1536w\" sizes=\"auto, (max-width: 1800px) 100vw, 1800px\" \/><\/a><figcaption class=\"wp-element-caption\">Titelkopf<\/figcaption><\/figure>\n\n\n\n<figure class=\"wp-block-table bibliografie zelle1 is-style-regular\"><table><tbody><tr><td>Titelkopf:<\/td><td>Tag= und Anzeigblatt.<\/td><\/tr><tr><td>Jahrgang:<\/td><td>1895.<\/td><\/tr><tr><td>Redaktion:<\/td><td>Redaktion von Joseph Keller in Dillingen.<\/td><\/tr><tr><td>Turnus:<\/td><td>Erscheint t\u00e4glich mit Ausahme der Tage nach den Sonn= und Feiertagen. [jeweils 1 Tag vordatiert]<\/td><\/tr><tr><td>Ort:<\/td><td>Dillingen<\/td><\/tr><tr><td>Verlag:<\/td><td>Verlag von Joseph Keller<\/td><\/tr><tr><td>Druck:<\/td><td>Druck von Joseph Keller in Dillingen.<\/td><\/tr><tr><td>Erschienen:<\/td><td>Sonntag den 25. August 1895. [vielmehr: 24. August]<\/td><\/tr><tr><td>Format:<\/td><td>4\u00ba (Quarto)<\/td><\/tr><\/tbody><\/table><\/figure>\n\n\n\n<div class=\"isbnissn\">\u2039ISSN 0170-5105\u203a<\/div>\n\n\n\n<p class=\"literaturverzeichnis has-medium-font-size\"><span class=\"harvard\">Referenzartikel<\/span> Sven-Roger Schulz: \u201eDu bist so still, Sihdi!\u201c \u00b7 Werbung mit einem Textschnipsel (I). In: Karl May in Leipzig \u00b7 35. Jahrgang, Nr. 136. Leipzig, Freundeskreis Karl May Leipzig, M\u00e4rz 2024; S. 8\u20139.<\/p>\n\n\n\n<div style=\"height:60px\" aria-hidden=\"true\" class=\"wp-block-spacer\"><\/div>\n\n\n\n<div class=\"wp-block-otfm-box-spoiler-end otfm-sp_end\"><\/div>\n\n\n\n<div class=\"wp-block-otfm-box-spoiler-start otfm-sp__wrapper otfm-sp__box js-otfm-sp-box__closed otfm-sp__bdcebe\" role=\"button\" tabindex=\"0\" aria-expanded=\"false\" data-otfm-spc=\"#bdcebe\" style=\"text-align:left\"><div class=\"otfm-sp__title\"><strong>Der Kys=Kaptschiji.<\/strong> In: <em>Tiroler Volksblatt.<\/em> 1895.<\/div><\/div>\n\n\n\n<div style=\"height:10px\" aria-hidden=\"true\" class=\"wp-block-spacer\"><\/div>\n\n\n\n<p class=\"has-medium-font-size\">Titelaufnahme:<\/p>\n\n\n\n<figure class=\"wp-block-image size-full is-resized is-style-default fl mt0\"><a href=\"https:\/\/www.karl-may.berlin\/wordpress\/wp-content\/uploads\/2024\/04\/6267-Kys-Bozen.jpg\"><img loading=\"lazy\" decoding=\"async\" width=\"1346\" height=\"778\" src=\"https:\/\/www.karl-may.berlin\/wordpress\/wp-content\/uploads\/2024\/04\/6267-Kys-Bozen.jpg\" alt=\"Tiroler Volksblatt Leseprobe\" class=\"wp-image-6305\" style=\"width:300px\" srcset=\"https:\/\/www.karl-may.berlin\/wordpress\/wp-content\/uploads\/2024\/04\/6267-Kys-Bozen.jpg 1346w, https:\/\/www.karl-may.berlin\/wordpress\/wp-content\/uploads\/2024\/04\/6267-Kys-Bozen-300x173.jpg 300w, https:\/\/www.karl-may.berlin\/wordpress\/wp-content\/uploads\/2024\/04\/6267-Kys-Bozen-1024x592.jpg 1024w, https:\/\/www.karl-may.berlin\/wordpress\/wp-content\/uploads\/2024\/04\/6267-Kys-Bozen-768x444.jpg 768w\" sizes=\"auto, (max-width: 1346px) 100vw, 1346px\" \/><\/a><figcaption class=\"wp-element-caption\">Leseprobe<\/figcaption><\/figure>\n\n\n\n<figure class=\"wp-block-table bibliografie zelle1 is-style-regular\"><table><tbody><tr><td>Autor:<\/td><td>Karl [Friedrich] May<\/td><\/tr><tr><td>Titel:<\/td><td>Der Kys=Kaptschiji.<\/td><\/tr><tr><td>Untertitel:<\/td><td>Reiseerlebnis von Dr. Karl May.<\/td><\/tr><tr><td>Erschienen:<\/td><td>7. August 1895<\/td><\/tr><tr><td>Digitalisat:<\/td><td><a href=\"https:\/\/digital.tessmann.it\/tessmannDigital\/Zeitungsarchiv\/Seite\/Zeitung\/38\/1\/07.08.1895\/141642\/7\" target=\"_blank\" rel=\"noreferrer noopener\">Landesbibliothek Dr. Friedrich Te\u00dfmann<\/a><\/td><\/tr><tr><td>Bemerkung:<\/td><td><em>Leseprobe als Werbung f\u00fcr den Jahrgang 1896 von \u201eBenziger\u2019s Marien-Kalender\u201c.<\/em><\/td><\/tr><\/tbody><\/table><\/figure>\n\n\n\n<div style=\"height:1px\" aria-hidden=\"true\" class=\"wp-block-spacer\"><\/div>\n\n\n\n<p class=\"has-medium-font-size\">Seite (7) in \u2116 63. von:<\/p>\n\n\n\n<figure class=\"wp-block-image size-full is-style-default\"><a href=\"https:\/\/www.karl-may.berlin\/wordpress\/wp-content\/uploads\/2024\/04\/6267-TirolerVolksblatt-TK.jpg\"><img loading=\"lazy\" decoding=\"async\" width=\"1800\" height=\"715\" src=\"https:\/\/www.karl-may.berlin\/wordpress\/wp-content\/uploads\/2024\/04\/6267-TirolerVolksblatt-TK.jpg\" alt=\"Tiroler  Volksblatt TK\" class=\"wp-image-6306\" srcset=\"https:\/\/www.karl-may.berlin\/wordpress\/wp-content\/uploads\/2024\/04\/6267-TirolerVolksblatt-TK.jpg 1800w, https:\/\/www.karl-may.berlin\/wordpress\/wp-content\/uploads\/2024\/04\/6267-TirolerVolksblatt-TK-300x119.jpg 300w, https:\/\/www.karl-may.berlin\/wordpress\/wp-content\/uploads\/2024\/04\/6267-TirolerVolksblatt-TK-1024x407.jpg 1024w, https:\/\/www.karl-may.berlin\/wordpress\/wp-content\/uploads\/2024\/04\/6267-TirolerVolksblatt-TK-768x305.jpg 768w, https:\/\/www.karl-may.berlin\/wordpress\/wp-content\/uploads\/2024\/04\/6267-TirolerVolksblatt-TK-1536x610.jpg 1536w\" sizes=\"auto, (max-width: 1800px) 100vw, 1800px\" \/><\/a><figcaption class=\"wp-element-caption\">Titelkopf<\/figcaption><\/figure>\n\n\n\n<figure class=\"wp-block-table bibliografie zelle1 is-style-regular\"><table><tbody><tr><td>Titelkopf:<\/td><td>Tiroler Volksblatt.<\/td><\/tr><tr><td>Untertitel:<\/td><td>F\u00fcr Gott, Kaiser und Vaterland!<\/td><\/tr><tr><td>Jahrgang:<\/td><td>XXXIV. Jahrg[ang].<\/td><\/tr><tr><td>Redaktion:<\/td><td>Verantwortlicher Redakteur Anton Oberkofler.<\/td><\/tr><tr><td>Turnus:<\/td><td>Erscheint jeden Mittwoch und Samstag fr\u00fch.<\/td><\/tr><tr><td>Ort:<\/td><td>Bozen<\/td><\/tr><tr><td>Verlag:<\/td><td>Verlag von Alois Auer &amp; Comp, vorm[als] J. Wohlgemuth<\/td><\/tr><tr><td>Druck:<\/td><td>Druck von Alois Auer &amp; Comp, vorm[als] J. Wohlgemuth<\/td><\/tr><tr><td>Erschienen:<\/td><td>7. August 1895.<\/td><\/tr><tr><td>Format:<\/td><td>4\u00ba (Quarto)<\/td><\/tr><\/tbody><\/table><\/figure>\n\n\n\n<div class=\"isbnissn\">\u2039ISSN 0170-5105\u203a<\/div>\n\n\n\n<p class=\"literaturverzeichnis has-medium-font-size\"><span class=\"harvard\">Referenzartikel<\/span> Sven-Roger Schulz: \u201eDu bist so still, Sihdi!\u201c \u00b7 Werbung mit einem Textschnipsel (I). In: Karl May in Leipzig \u00b7 35. Jahrgang, Nr. 136. Leipzig, Freundeskreis Karl May Leipzig, M\u00e4rz 2024; S. 8\u20139.<\/p>\n\n\n\n<div style=\"height:60px\" aria-hidden=\"true\" class=\"wp-block-spacer\"><\/div>\n\n\n\n<div class=\"wp-block-otfm-box-spoiler-end otfm-sp_end\"><\/div>\n\n\n\n<div class=\"wp-block-otfm-box-spoiler-start otfm-sp__wrapper otfm-sp__box js-otfm-sp-box__closed otfm-sp__bdcebe\" role=\"button\" tabindex=\"0\" aria-expanded=\"false\" data-otfm-spc=\"#bdcebe\" style=\"text-align:left\"><div class=\"otfm-sp__title\"><strong>Der Kys=Kaptschiji.<\/strong> In: <em>Volksblatt f\u00fcr Berg.-Gladbach und Umgegend.<\/em> 1895.<\/div><\/div>\n\n\n\n<div style=\"height:10px\" aria-hidden=\"true\" class=\"wp-block-spacer\"><\/div>\n\n\n\n<p class=\"has-medium-font-size\">Titelaufnahme:<\/p>\n\n\n\n<figure class=\"wp-block-image size-full is-resized is-style-default fl mt0\"><a href=\"https:\/\/www.karl-may.berlin\/wordpress\/wp-content\/uploads\/2024\/04\/6267-Kys-BergGladbach.jpg\"><img loading=\"lazy\" decoding=\"async\" width=\"648\" height=\"399\" src=\"https:\/\/www.karl-may.berlin\/wordpress\/wp-content\/uploads\/2024\/04\/6267-Kys-BergGladbach.jpg\" alt=\"BergGladbach Leseprobe\" class=\"wp-image-6341\" style=\"width:300px\" srcset=\"https:\/\/www.karl-may.berlin\/wordpress\/wp-content\/uploads\/2024\/04\/6267-Kys-BergGladbach.jpg 648w, https:\/\/www.karl-may.berlin\/wordpress\/wp-content\/uploads\/2024\/04\/6267-Kys-BergGladbach-300x185.jpg 300w\" sizes=\"auto, (max-width: 648px) 100vw, 648px\" \/><\/a><figcaption class=\"wp-element-caption\">Leseprobe<\/figcaption><\/figure>\n\n\n\n<figure class=\"wp-block-table bibliografie zelle1 is-style-regular\"><table><tbody><tr><td>Autor:<\/td><td>Karl [Friedrich] May<\/td><\/tr><tr><td>Titel:<\/td><td>Der Kys=Kaptschiji.<\/td><\/tr><tr><td>Untertitel:<\/td><td>Reiseerlebnis von Dr. Karl May.<\/td><\/tr><tr><td>Erschienen:<\/td><td>17. August 1895<\/td><\/tr><tr><td>Digitalisat:<\/td><td><a href=\"https:\/\/zeitpunkt.nrw\/ulbbn\/periodical\/zoom\/3029526\" target=\"_blank\" rel=\"noreferrer noopener\">Zeitungsportal NRW<\/a><\/td><\/tr><tr><td>Bemerkung:<\/td><td><em>Leseprobe als Werbung f\u00fcr den Jahrgang 1896 von \u201eBenziger\u2019s Marien-Kalender\u201c.<\/em><\/td><\/tr><\/tbody><\/table><\/figure>\n\n\n\n<div style=\"height:1px\" aria-hidden=\"true\" class=\"wp-block-spacer\"><\/div>\n\n\n\n<p class=\"has-medium-font-size\">Seite (3) in Nr. 66. <em>und<\/em> Nr. 70. von:<\/p>\n\n\n\n<figure class=\"wp-block-image size-full is-style-default\"><a href=\"https:\/\/www.karl-may.berlin\/wordpress\/wp-content\/uploads\/2024\/04\/6267-VolksblattBGladbach-TK.jpg\"><img loading=\"lazy\" decoding=\"async\" width=\"1800\" height=\"482\" src=\"https:\/\/www.karl-may.berlin\/wordpress\/wp-content\/uploads\/2024\/04\/6267-VolksblattBGladbach-TK.jpg\" alt=\"Volksblatt BGladbach TK\" class=\"wp-image-6342\" srcset=\"https:\/\/www.karl-may.berlin\/wordpress\/wp-content\/uploads\/2024\/04\/6267-VolksblattBGladbach-TK.jpg 1800w, https:\/\/www.karl-may.berlin\/wordpress\/wp-content\/uploads\/2024\/04\/6267-VolksblattBGladbach-TK-300x80.jpg 300w, https:\/\/www.karl-may.berlin\/wordpress\/wp-content\/uploads\/2024\/04\/6267-VolksblattBGladbach-TK-1024x274.jpg 1024w, https:\/\/www.karl-may.berlin\/wordpress\/wp-content\/uploads\/2024\/04\/6267-VolksblattBGladbach-TK-768x206.jpg 768w, https:\/\/www.karl-may.berlin\/wordpress\/wp-content\/uploads\/2024\/04\/6267-VolksblattBGladbach-TK-1536x411.jpg 1536w\" sizes=\"auto, (max-width: 1800px) 100vw, 1800px\" \/><\/a><figcaption class=\"wp-element-caption\">Titelkopf<\/figcaption><\/figure>\n\n\n\n<figure class=\"wp-block-table bibliografie zelle1 is-style-regular\"><table><tbody><tr><td>Titelkopf:<\/td><td>Volksblatt f\u00fcr Berg.-Gladbach und Umgegend..<\/td><\/tr><tr><td>Redaktion:<\/td><td>Verantwortl[icher] Redakteur Joh[ann] Heider, B[ergisch]-Gladbach<\/td><\/tr><tr><td>Jahrgang:<\/td><td>6. Jahrg[ang].<\/td><\/tr><tr><td>Turnus:<\/td><td>Erscheint zweimal w\u00f6chentlich: Mittwochs und Samstags.<\/td><\/tr><tr><td>Ort:<\/td><td>B[ergisch]-Gladbach<\/td><\/tr><tr><td>Verlag:<\/td><td>Verlag von Joh[ann] Heider<\/td><\/tr><tr><td>Druck:<\/td><td>Druck von Joh[ann] Heider, B[ergisch]-Bladbach.<\/td><\/tr><tr><td>Erschienen:<\/td><td>Samstag, den 17. August 1895. <em>und<\/em> Samstag, den 31. August 1895.<\/td><\/tr><tr><td>Format:<\/td><td>2\u00ba (Folio)<\/td><\/tr><\/tbody><\/table><\/figure>\n\n\n\n<div class=\"isbnissn\">\u2039ISSN 0170-5105\u203a<\/div>\n\n\n\n<p class=\"literaturverzeichnis has-medium-font-size\"><span class=\"harvard\">Referenzartikel<\/span> Sven-Roger Schulz: \u201eDu bist so still, Sihdi!\u201c \u00b7 Werbung mit einem Textschnipsel (I). In: Karl May in Leipzig \u00b7 35. Jahrgang, Nr. 136. Leipzig, Freundeskreis Karl May Leipzig, M\u00e4rz 2024; S. 8\u20139.<\/p>\n\n\n\n<div style=\"height:60px\" aria-hidden=\"true\" class=\"wp-block-spacer\"><\/div>\n\n\n\n<div class=\"wp-block-otfm-box-spoiler-end otfm-sp_end\"><\/div>\n\n\n\n<div class=\"wp-block-otfm-box-spoiler-start otfm-sp__wrapper otfm-sp__box js-otfm-sp-box__closed otfm-sp__bdcebe\" role=\"button\" tabindex=\"0\" aria-expanded=\"false\" data-otfm-spc=\"#bdcebe\" style=\"text-align:left\"><div class=\"otfm-sp__title\"><strong>Der Kys=Kaptschiji.<\/strong> In: <em>Zuger Volksblatt.<\/em> 1895.<\/div><\/div>\n\n\n\n<div style=\"height:10px\" aria-hidden=\"true\" class=\"wp-block-spacer\"><\/div>\n\n\n\n<p class=\"has-medium-font-size\">Titelaufnahme:<\/p>\n\n\n\n<figure class=\"wp-block-image size-full is-resized is-style-default fl mt0\"><a href=\"https:\/\/www.karl-may.berlin\/wordpress\/wp-content\/uploads\/2024\/04\/6267-Kys-Zug.jpg\"><img loading=\"lazy\" decoding=\"async\" width=\"697\" height=\"462\" src=\"https:\/\/www.karl-may.berlin\/wordpress\/wp-content\/uploads\/2024\/04\/6267-Kys-Zug.jpg\" alt=\"Zuger Volksblatt Leseprobe\" class=\"wp-image-6278\" style=\"width:300px\" srcset=\"https:\/\/www.karl-may.berlin\/wordpress\/wp-content\/uploads\/2024\/04\/6267-Kys-Zug.jpg 697w, https:\/\/www.karl-may.berlin\/wordpress\/wp-content\/uploads\/2024\/04\/6267-Kys-Zug-300x199.jpg 300w\" sizes=\"auto, (max-width: 697px) 100vw, 697px\" \/><\/a><figcaption class=\"wp-element-caption\">Leseprobe<\/figcaption><\/figure>\n\n\n\n<figure class=\"wp-block-table bibliografie zelle1 is-style-regular\"><table><tbody><tr><td>Autor:<\/td><td>Karl [Friedrich] May<\/td><\/tr><tr><td>Titel:<\/td><td>Der Kys=Kaptschiji.<\/td><\/tr><tr><td>Untertitel:<\/td><td>Reiseerlebnis von Dr. Karl May.<\/td><\/tr><tr><td>Erschienen:<\/td><td>23. Juli 1895<\/td><\/tr><tr><td>Digitalisat:<\/td><td><a href=\"http:\/\/www.e-newspaperarchives.ch\/?a=d&amp;d=ZVB18950723-01.1.3\" target=\"_blank\" rel=\"noreferrer noopener\">Schweizerische Nationalbibliothek<\/a><\/td><\/tr><tr><td>Bemerkung:<\/td><td><em>Leseprobe als Werbung f\u00fcr den Jahrgang 1896 von \u201eBenziger\u2019s Marien-Kalender\u201c.<\/em><\/td><\/tr><\/tbody><\/table><\/figure>\n\n\n\n<div style=\"height:1px\" aria-hidden=\"true\" class=\"wp-block-spacer\"><\/div>\n\n\n\n<p class=\"has-medium-font-size\">Seite (3) in \u2116 86. von:<\/p>\n\n\n\n<figure class=\"wp-block-image size-full is-style-default\"><a href=\"https:\/\/www.karl-may.berlin\/wordpress\/wp-content\/uploads\/2024\/04\/6267-Zugervolksblatt-TK.jpg\"><img loading=\"lazy\" decoding=\"async\" width=\"1786\" height=\"572\" src=\"https:\/\/www.karl-may.berlin\/wordpress\/wp-content\/uploads\/2024\/04\/6267-Zugervolksblatt-TK.jpg\" alt=\"Zuger Volksblatt TK\" class=\"wp-image-6279\" srcset=\"https:\/\/www.karl-may.berlin\/wordpress\/wp-content\/uploads\/2024\/04\/6267-Zugervolksblatt-TK.jpg 1786w, https:\/\/www.karl-may.berlin\/wordpress\/wp-content\/uploads\/2024\/04\/6267-Zugervolksblatt-TK-300x96.jpg 300w, https:\/\/www.karl-may.berlin\/wordpress\/wp-content\/uploads\/2024\/04\/6267-Zugervolksblatt-TK-1024x328.jpg 1024w, https:\/\/www.karl-may.berlin\/wordpress\/wp-content\/uploads\/2024\/04\/6267-Zugervolksblatt-TK-768x246.jpg 768w, https:\/\/www.karl-may.berlin\/wordpress\/wp-content\/uploads\/2024\/04\/6267-Zugervolksblatt-TK-1536x492.jpg 1536w\" sizes=\"auto, (max-width: 1786px) 100vw, 1786px\" \/><\/a><figcaption class=\"wp-element-caption\">Titelkopf<\/figcaption><\/figure>\n\n\n\n<figure class=\"wp-block-table bibliografie zelle1 is-style-regular\"><table><tbody><tr><td>Titelkopf:<\/td><td>Zuger Volksblatt.<\/td><\/tr><tr><td>Jahrgang:<\/td><td>F\u00fcnfunddrei\u00dfigster Jahrgang.<\/td><\/tr><tr><td>Turnus:<\/td><td>Erscheint Dienstag, Donnerstag und Samstag.<\/td><\/tr><tr><td>Ort:<\/td><td>Zug<\/td><\/tr><tr><td>Verlag:<\/td><td>Verlag von J[osef] K\u00fcndig.<\/td><\/tr><tr><td>Druck:<\/td><td>Druck von J[osef] K\u00fcndig.<\/td><\/tr><tr><td>Erschienen:<\/td><td>23. Juli 1895.<\/td><\/tr><tr><td>Format:<\/td><td>2\u00ba (Folio)<\/td><\/tr><\/tbody><\/table><\/figure>\n\n\n\n<div class=\"isbnissn\">\u2039ISSN 0170-5105\u203a<\/div>\n\n\n\n<p class=\"literaturverzeichnis has-medium-font-size\"><span class=\"harvard\">Referenzartikel<\/span> Sven-Roger Schulz: \u201eDu bist so still, Sihdi!\u201c \u00b7 Werbung mit einem Textschnipsel (I). In: Karl May in Leipzig \u00b7 35. Jahrgang, Nr. 136. Leipzig, Freundeskreis Karl May Leipzig, M\u00e4rz 2024; S. 8\u20139.<\/p>\n\n\n\n<div style=\"height:60px\" aria-hidden=\"true\" class=\"wp-block-spacer\"><\/div>\n\n\n\n<div class=\"wp-block-otfm-box-spoiler-end otfm-sp_end\"><\/div>\n\n\n\n<div class=\"wp-block-otfm-box-spoiler-start otfm-sp__wrapper otfm-sp__box js-otfm-sp-box__closed otfm-sp__bdcebe\" role=\"button\" tabindex=\"0\" aria-expanded=\"false\" data-otfm-spc=\"#bdcebe\" style=\"text-align:left\"><div class=\"otfm-sp__title\"><strong>Der Kys=Kaptschiji.<\/strong> In: <em>Z\u00fclpicher Zeitung.<\/em> 1895.<\/div><\/div>\n\n\n\n<div style=\"height:10px\" aria-hidden=\"true\" class=\"wp-block-spacer\"><\/div>\n\n\n\n<p class=\"has-medium-font-size\">Titelaufnahme:<\/p>\n\n\n\n<figure class=\"wp-block-image size-full is-resized is-style-default fl mt0\"><a href=\"https:\/\/www.karl-may.berlin\/wordpress\/wp-content\/uploads\/2024\/04\/6267-Kys-Zuelpich.jpg\"><img loading=\"lazy\" decoding=\"async\" width=\"569\" height=\"283\" src=\"https:\/\/www.karl-may.berlin\/wordpress\/wp-content\/uploads\/2024\/04\/6267-Kys-Zuelpich.jpg\" alt=\"Kys Z\u00fclpich Leseprobe\" class=\"wp-image-6398\" style=\"width:300px\" srcset=\"https:\/\/www.karl-may.berlin\/wordpress\/wp-content\/uploads\/2024\/04\/6267-Kys-Zuelpich.jpg 569w, https:\/\/www.karl-may.berlin\/wordpress\/wp-content\/uploads\/2024\/04\/6267-Kys-Zuelpich-300x149.jpg 300w\" sizes=\"auto, (max-width: 569px) 100vw, 569px\" \/><\/a><figcaption class=\"wp-element-caption\">Leseprobe<\/figcaption><\/figure>\n\n\n\n<figure class=\"wp-block-table bibliografie zelle1 is-style-regular\"><table><tbody><tr><td>Autor:<\/td><td>Karl [Friedrich] May<\/td><\/tr><tr><td>Titel:<\/td><td>Der Kys=Kaptschiji.<\/td><\/tr><tr><td>Untertitel:<\/td><td>Reiseerlebni\u00df von Dr. Karl May.<\/td><\/tr><tr><td>Erschienen:<\/td><td>24. August 1895<\/td><\/tr><tr><td>Digitalisat:<\/td><td><a href=\"https:\/\/zeitpunkt.nrw\/ulbbn\/periodical\/zoom\/19106061\" target=\"_blank\" rel=\"noreferrer noopener\">Zeitungsportal NRW<\/a><\/td><\/tr><tr><td>Bemerkung:<\/td><td><em>Leseprobe als Werbung f\u00fcr den Jahrgang 1896 von \u201eBenziger\u2019s Marien-Kalender\u201c.<\/em><\/td><\/tr><\/tbody><\/table><\/figure>\n\n\n\n<div style=\"height:1px\" aria-hidden=\"true\" class=\"wp-block-spacer\"><\/div>\n\n\n\n<p class=\"has-medium-font-size\">Seite (2) in \u2116 34. (Zweites Blatt.) von:<\/p>\n\n\n\n<figure class=\"wp-block-image size-full is-style-default\"><a href=\"https:\/\/www.karl-may.berlin\/wordpress\/wp-content\/uploads\/2024\/04\/6267-ZuelpicherZ-TK.jpg\"><img loading=\"lazy\" decoding=\"async\" width=\"1705\" height=\"482\" src=\"https:\/\/www.karl-may.berlin\/wordpress\/wp-content\/uploads\/2024\/04\/6267-ZuelpicherZ-TK.jpg\" alt=\"Z\u00fclpicher Zeitung TK\" class=\"wp-image-6399\" srcset=\"https:\/\/www.karl-may.berlin\/wordpress\/wp-content\/uploads\/2024\/04\/6267-ZuelpicherZ-TK.jpg 1705w, https:\/\/www.karl-may.berlin\/wordpress\/wp-content\/uploads\/2024\/04\/6267-ZuelpicherZ-TK-300x85.jpg 300w, https:\/\/www.karl-may.berlin\/wordpress\/wp-content\/uploads\/2024\/04\/6267-ZuelpicherZ-TK-1024x289.jpg 1024w, https:\/\/www.karl-may.berlin\/wordpress\/wp-content\/uploads\/2024\/04\/6267-ZuelpicherZ-TK-768x217.jpg 768w, https:\/\/www.karl-may.berlin\/wordpress\/wp-content\/uploads\/2024\/04\/6267-ZuelpicherZ-TK-1536x434.jpg 1536w\" sizes=\"auto, (max-width: 1705px) 100vw, 1705px\" \/><\/a><figcaption class=\"wp-element-caption\">Titelkopf<\/figcaption><\/figure>\n\n\n\n<figure class=\"wp-block-table bibliografie zelle1 is-style-regular\"><table><tbody><tr><td>Titelkopf:<\/td><td>Z\u00fclpicher Zeitung.<\/td><\/tr><tr><td>Jahrgang:<\/td><td>(17. Jahrgang.)<\/td><\/tr><tr><td>Redaktion:<\/td><td>Verantwortliche Redaction von Peter Blumenthal in Z\u00fclpich.<\/td><\/tr><tr><td>Turnus:<\/td><td>Erscheint jeden Samstag<\/td><\/tr><tr><td>Ort:<\/td><td>Z\u00fclpich<\/td><\/tr><tr><td>Verlag:<\/td><td>Verlag von Peter Blumenthal<\/td><\/tr><tr><td>Druck:<\/td><td>Druck von Peter Blumenthal in Z\u00fclpich<\/td><\/tr><tr><td>Erschienen:<\/td><td>Samstag, 24. August 1895.<\/td><\/tr><tr><td>Format:<\/td><td>2\u00ba (Folio)<\/td><\/tr><\/tbody><\/table><\/figure>\n\n\n\n<div class=\"isbnissn\">\u2039ISSN 0170-5105\u203a<\/div>\n\n\n\n<p class=\"literaturverzeichnis has-medium-font-size\"><span class=\"harvard\">Referenzartikel<\/span> Sven-Roger Schulz: \u201eDu bist so still, Sihdi!\u201c \u00b7 Werbung mit einem Textschnipsel (I). In: Karl May in Leipzig \u00b7 35. Jahrgang, Nr. 136. Leipzig, Freundeskreis Karl May Leipzig, M\u00e4rz 2024; S. 8\u20139.<\/p>\n\n\n\n<div style=\"height:60px\" aria-hidden=\"true\" class=\"wp-block-spacer\"><\/div>\n\n\n\n<div class=\"wp-block-otfm-box-spoiler-end otfm-sp_end\"><\/div>\n\n\n\n<h3 class=\"wp-block-heading mt10\">S<\/h3>\n\n\n\n<div class=\"wp-block-otfm-box-spoiler-start otfm-sp__wrapper otfm-sp__box js-otfm-sp-box__closed otfm-sp__bdcebe\" role=\"button\" tabindex=\"0\" aria-expanded=\"false\" data-otfm-spc=\"#bdcebe\" style=\"text-align:left\"><div class=\"otfm-sp__title\"><strong>Die Sklavenkarawane.<\/strong> In: <em>Vom Fels zum Meer<\/em> 1889<\/div><\/div>\n\n\n\n<div style=\"height:10px\" aria-hidden=\"true\" class=\"wp-block-spacer\"><\/div>\n\n\n\n<div class=\"wp-block-group fl is-layout-constrained wp-block-group-is-layout-constrained\">\n<div class=\"wp-block-group fl mt0 is-layout-constrained wp-block-group-is-layout-constrained\">\n<figure class=\"wp-block-image size-large is-resized is-style-default\"><a href=\"https:\/\/www.karl-may.berlin\/wordpress\/wp-content\/uploads\/2024\/07\/6267-sklavenkarawane-s1.jpg\"><img loading=\"lazy\" decoding=\"async\" width=\"677\" height=\"1024\" src=\"https:\/\/www.karl-may.berlin\/wordpress\/wp-content\/uploads\/2024\/07\/6267-sklavenkarawane-s1-677x1024.jpg\" alt=\"Sklavenkarawane S1\" class=\"wp-image-10004\" style=\"width:300px\" srcset=\"https:\/\/www.karl-may.berlin\/wordpress\/wp-content\/uploads\/2024\/07\/6267-sklavenkarawane-s1-677x1024.jpg 677w, https:\/\/www.karl-may.berlin\/wordpress\/wp-content\/uploads\/2024\/07\/6267-sklavenkarawane-s1-198x300.jpg 198w, https:\/\/www.karl-may.berlin\/wordpress\/wp-content\/uploads\/2024\/07\/6267-sklavenkarawane-s1-768x1162.jpg 768w, https:\/\/www.karl-may.berlin\/wordpress\/wp-content\/uploads\/2024\/07\/6267-sklavenkarawane-s1.jpg 793w\" sizes=\"auto, (max-width: 677px) 100vw, 677px\" \/><\/a><figcaption class=\"wp-element-caption\">1. Seite des Volltexts<\/figcaption><\/figure>\n\n\n\n<figure class=\"wp-block-image size-full is-resized is-style-default\"><a href=\"https:\/\/www.karl-may.berlin\/wordpress\/wp-content\/uploads\/2024\/07\/6267-sklavenkarawane-s2.jpg\"><img loading=\"lazy\" decoding=\"async\" width=\"793\" height=\"1200\" src=\"https:\/\/www.karl-may.berlin\/wordpress\/wp-content\/uploads\/2024\/07\/6267-sklavenkarawane-s2.jpg\" alt=\"Sklavenkarawane S2\" class=\"wp-image-10003\" style=\"width:300px\" srcset=\"https:\/\/www.karl-may.berlin\/wordpress\/wp-content\/uploads\/2024\/07\/6267-sklavenkarawane-s2.jpg 793w, https:\/\/www.karl-may.berlin\/wordpress\/wp-content\/uploads\/2024\/07\/6267-sklavenkarawane-s2-198x300.jpg 198w, https:\/\/www.karl-may.berlin\/wordpress\/wp-content\/uploads\/2024\/07\/6267-sklavenkarawane-s2-677x1024.jpg 677w, https:\/\/www.karl-may.berlin\/wordpress\/wp-content\/uploads\/2024\/07\/6267-sklavenkarawane-s2-768x1162.jpg 768w\" sizes=\"auto, (max-width: 793px) 100vw, 793px\" \/><\/a><figcaption class=\"wp-element-caption\">2. Seite des Volltexts<\/figcaption><\/figure>\n<\/div>\n<\/div>\n\n\n\n<p class=\"has-medium-font-size\">Titelaufnahme:<\/p>\n\n\n\n<figure class=\"wp-block-table bibliografie zelle1 is-style-regular\"><table><tbody><tr><td>Autor:<\/td><td>K[arl Friedrich] May<\/td><\/tr><tr><td>Titel:<\/td><td>Die Sklavenkarawane.<\/td><\/tr><tr><td>Erschienen:<\/td><td>November [vielmehr:] September 1889<\/td><\/tr><tr><td>Digitalisat:<\/td><td><a href=\"https:\/\/www.digitale-sammlungen.de\/de\/view\/bsb11874858?page=781\" target=\"_blank\" rel=\"noreferrer noopener\">M\u00fcnchener DigitalisierungsZentrum<\/a><\/td><\/tr><\/tbody><\/table><\/figure>\n\n\n\n<p class=\"has-medium-font-size\">Seiten (9\u201310) des Inseraten-Anhangs zu Heft 2 von:<\/p>\n\n\n\n<figure class=\"wp-block-table bibliografie zelle1 is-style-regular\"><table><tbody><tr><td>Titel:<\/td><td>Vom Fels zum Meer.<\/td><\/tr><tr><td>Untertitel:<\/td><td>Spemann\u2019s Illustrierte Zeitschrift f\u00fcr das Deutsche Haus.<\/td><\/tr><tr><td>Herausgeber:<\/td><td>Verantwortlicher Herausgeber W[ilhelm] Spemann in Stuttgart<\/td><\/tr><tr><td>Redaktion:<\/td><td>Redakteur: Joseph K\u00fcrschner ebenda<\/td><\/tr><tr><td>Jahrgang:<\/td><td>[17. Jahrgang]. Erster Band.<\/td><\/tr><tr><td>Ort:<\/td><td>Stuttgart<\/td><\/tr><tr><td>Verlag:<\/td><td>Verlag v[on] W[ilhelm] Spemann<\/td><\/tr><tr><td>Druckerei:<\/td><td>Druck von Gebr\u00fcder Kr\u00f6ner in Stuttgart<\/td><\/tr><tr><td>Jahr:<\/td><td>1889\/90<\/td><\/tr><tr><td>Format:<\/td><td>4\u00ba (Quarto)<\/td><\/tr><tr><td>Umfang:<\/td><td>2004 Spalten<\/td><\/tr><tr><td>Bemerkung:<\/td><td><em>Die Inseraten-Anhange sind nicht paginiert und fehlen \u00fcblicherweise bei den Halbjahresb\u00e4nden in Original-Einbanddecken.<\/em><\/td><\/tr><\/tbody><\/table><\/figure>\n\n\n\n<div style=\"height:1px\" aria-hidden=\"true\" class=\"wp-block-spacer\"><\/div>\n\n\n\n<figure class=\"wp-block-image size-full is-style-default\"><a href=\"https:\/\/www.karl-may.berlin\/wordpress\/wp-content\/uploads\/2024\/07\/6267-VomFelsZumMeer-1889-1.jpg\"><img loading=\"lazy\" decoding=\"async\" width=\"837\" height=\"1200\" src=\"https:\/\/www.karl-may.berlin\/wordpress\/wp-content\/uploads\/2024\/07\/6267-VomFelsZumMeer-1889-1.jpg\" alt=\"Vom Fels zum Meer TI 1889\" class=\"wp-image-10005\" srcset=\"https:\/\/www.karl-may.berlin\/wordpress\/wp-content\/uploads\/2024\/07\/6267-VomFelsZumMeer-1889-1.jpg 837w, https:\/\/www.karl-may.berlin\/wordpress\/wp-content\/uploads\/2024\/07\/6267-VomFelsZumMeer-1889-1-209x300.jpg 209w, https:\/\/www.karl-may.berlin\/wordpress\/wp-content\/uploads\/2024\/07\/6267-VomFelsZumMeer-1889-1-714x1024.jpg 714w, https:\/\/www.karl-may.berlin\/wordpress\/wp-content\/uploads\/2024\/07\/6267-VomFelsZumMeer-1889-1-768x1101.jpg 768w\" sizes=\"auto, (max-width: 837px) 100vw, 837px\" \/><\/a><figcaption class=\"wp-element-caption\">Titelblatt des Halbjahresbandes.<\/figcaption><\/figure>\n\n\n\n<div class=\"isbnissn\">\u2039ISSN 0941-7842\u203a<\/div>\n\n\n\n<p class=\"literaturverzeichnis has-medium-font-size\"><span class=\"harvard\">Referenzartikel<\/span> Stefan Schmatz: Zwei kuriose Funde in der Zeitschrift \u203aVom Fels zum Meer\u2039. In: Mitteilungen der Karl-May-Gesellschaft \u00b7 57. Jahrgang \u00b7 2. Quartal \u00b7 Nummer 224. Radebeul, Karl-May-Gesellschaft e.\u202fV., Juni 2025; S. 51\u201357.<\/p>\n\n\n\n<div style=\"height:60px\" aria-hidden=\"true\" class=\"wp-block-spacer\"><\/div>\n\n\n\n<div class=\"wp-block-otfm-box-spoiler-end otfm-sp_end\"><\/div>\n\n\n\n<h3 class=\"wp-block-heading mt10\">T<\/h3>\n\n\n\n<div class=\"wp-block-otfm-box-spoiler-start otfm-sp__wrapper otfm-sp__box js-otfm-sp-box__closed otfm-sp__bdcebe\" role=\"button\" tabindex=\"0\" aria-expanded=\"false\" data-otfm-spc=\"#bdcebe\" style=\"text-align:left\"><div class=\"otfm-sp__title\"><strong>Der Todes-Ritt \u00fcber den Salzsee.<\/strong> In: <em>Seemann\u2019s Litterarischer Jahresbericht und Weihnachts-Katalog<\/em> 1892<\/div><\/div>\n\n\n\n<div style=\"height:10px\" aria-hidden=\"true\" class=\"wp-block-spacer\"><\/div>\n\n\n\n<div class=\"wp-block-group fl is-layout-constrained wp-block-group-is-layout-constrained\">\n<div class=\"wp-block-group fl mt0 is-layout-constrained wp-block-group-is-layout-constrained\">\n<figure class=\"wp-block-image size-large is-resized is-style-default\"><a href=\"https:\/\/www.karl-may.berlin\/wordpress\/wp-content\/uploads\/2024\/04\/6267-Seemann-TA.jpg\"><img loading=\"lazy\" decoding=\"async\" width=\"689\" height=\"1024\" src=\"https:\/\/www.karl-may.berlin\/wordpress\/wp-content\/uploads\/2024\/04\/6267-Seemann-TA-689x1024.jpg\" alt=\"Seemann Textanfang\" class=\"wp-image-6432\" style=\"width:300px\" srcset=\"https:\/\/www.karl-may.berlin\/wordpress\/wp-content\/uploads\/2024\/04\/6267-Seemann-TA-689x1024.jpg 689w, https:\/\/www.karl-may.berlin\/wordpress\/wp-content\/uploads\/2024\/04\/6267-Seemann-TA-202x300.jpg 202w, https:\/\/www.karl-may.berlin\/wordpress\/wp-content\/uploads\/2024\/04\/6267-Seemann-TA-768x1142.jpg 768w, https:\/\/www.karl-may.berlin\/wordpress\/wp-content\/uploads\/2024\/04\/6267-Seemann-TA.jpg 807w\" sizes=\"auto, (max-width: 689px) 100vw, 689px\" \/><\/a><figcaption class=\"wp-element-caption\">Erste Textseite<\/figcaption><\/figure>\n\n\n\n<figure class=\"wp-block-image size-full is-resized is-style-default\"><a href=\"https:\/\/www.karl-may.berlin\/wordpress\/wp-content\/uploads\/2024\/04\/6267-Seemann-TI.jpg\"><img loading=\"lazy\" decoding=\"async\" width=\"764\" height=\"1200\" src=\"https:\/\/www.karl-may.berlin\/wordpress\/wp-content\/uploads\/2024\/04\/6267-Seemann-TI.jpg\" alt=\"Seemann Titelblatt\" class=\"wp-image-6433\" style=\"width:300px\" srcset=\"https:\/\/www.karl-may.berlin\/wordpress\/wp-content\/uploads\/2024\/04\/6267-Seemann-TI.jpg 764w, https:\/\/www.karl-may.berlin\/wordpress\/wp-content\/uploads\/2024\/04\/6267-Seemann-TI-191x300.jpg 191w, https:\/\/www.karl-may.berlin\/wordpress\/wp-content\/uploads\/2024\/04\/6267-Seemann-TI-652x1024.jpg 652w\" sizes=\"auto, (max-width: 764px) 100vw, 764px\" \/><\/a><figcaption class=\"wp-element-caption\">Titelblatt<\/figcaption><\/figure>\n<\/div>\n<\/div>\n\n\n\n<p class=\"has-medium-font-size\">Titelaufnahme:<\/p>\n\n\n\n<figure class=\"wp-block-table bibliografie zelle1 is-style-regular\"><table><tbody><tr><td>Autor:<\/td><td>K[arl Friedrich] May<\/td><\/tr><tr><td>Obertitel:<\/td><td>Karl May\u2019s Rei\u017feromane Bd. I.<\/td><\/tr><tr><td>Titel:<\/td><td>Der Todes-Ritt \u00fcber den Salz\u017fee.<\/td><\/tr><tr><td>Erschienen:<\/td><td>November 1892<\/td><\/tr><\/tbody><\/table><\/figure>\n\n\n\n<p class=\"has-medium-font-size\">Seiten (19\u201322) in:<\/p>\n\n\n\n<figure class=\"wp-block-table bibliografie zelle1 is-style-regular\"><table><tbody><tr><td>Titel:<\/td><td>SEEMANN\u2019s Litterarischer Jahresbericht und Weihnachts-Katalog f\u00fcr 1892.<\/td><\/tr><tr><td>Untertitel:<\/td><td>Eine Auswahl der hervorragendsten Erscheinungen des B\u00fcchermarktes.<\/td><\/tr><tr><td>Herausgeber:<\/td><td>K[arl] Heinemann in Leipzig<\/td><\/tr><tr><td>Jahrgang:<\/td><td>22. Jahrgang.<\/td><\/tr><tr><td>Ort:<\/td><td>Leipzig<\/td><\/tr><tr><td>Verlag:<\/td><td>[Verlag von Artur] Seemann<\/td><\/tr><tr><td>Jahr:<\/td><td>November 1892<\/td><\/tr><tr><td>Format:<\/td><td>Gr.-8\u00ba (Gro\u00dfoctavo)<\/td><\/tr><tr><td>Umfang:<\/td><td>128\u202f(4) Seiten<\/td><\/tr><tr><td>Bemerkung:<\/td><td><em>Die Gro\u00dfabnehmer unter den Buchhandlungen, die diesen Katalog bereit hielten, wurden auf dem Umschlag mit einem eigenen Impressum bedacht. Daher kann der hier abgebildete Umschlag nur ein Beispiel sein.<\/em><\/td><\/tr><\/tbody><\/table><\/figure>\n\n\n\n<div style=\"height:1px\" aria-hidden=\"true\" class=\"wp-block-spacer\"><\/div>\n\n\n\n<figure class=\"wp-block-image size-full is-style-default\"><img loading=\"lazy\" decoding=\"async\" width=\"829\" height=\"1200\" src=\"https:\/\/www.karl-may.berlin\/wordpress\/wp-content\/uploads\/2024\/04\/6267-Seemann-U.jpg\" alt=\"Seemann Umschlag\" class=\"wp-image-6434\" srcset=\"https:\/\/www.karl-may.berlin\/wordpress\/wp-content\/uploads\/2024\/04\/6267-Seemann-U.jpg 829w, https:\/\/www.karl-may.berlin\/wordpress\/wp-content\/uploads\/2024\/04\/6267-Seemann-U-207x300.jpg 207w, https:\/\/www.karl-may.berlin\/wordpress\/wp-content\/uploads\/2024\/04\/6267-Seemann-U-707x1024.jpg 707w, https:\/\/www.karl-may.berlin\/wordpress\/wp-content\/uploads\/2024\/04\/6267-Seemann-U-768x1112.jpg 768w\" sizes=\"auto, (max-width: 829px) 100vw, 829px\" \/><figcaption class=\"wp-element-caption\">Umschlag Vorderseite<\/figcaption><\/figure>\n\n\n\n<div class=\"isbnissn\">\u2039ISSN 1434-0356\u203a<\/div>\n\n\n\n<p class=\"literaturverzeichnis has-medium-font-size\"><span class=\"harvard\">Referenzartikel<\/span> Wolfgang Hermesmeier\/Stefan Schmatz: Der Todes-Ritt \u00fcber den Salzsee \u00b7 Unbekannte May-Abdrucke entdeckt (XXVI). In: KARL MAY &amp; Co. 2|16 \u00b7 Das Karl-May-Magazin Nr. 144. Borod, Mescalero e.\u202fV., Mai 2016; S. 36\u201340.<\/p>\n\n\n\n<div style=\"height:60px\" aria-hidden=\"true\" class=\"wp-block-spacer\"><\/div>\n\n\n\n<div class=\"wp-block-otfm-box-spoiler-end otfm-sp_end\"><\/div>\n\n\n\n<div style=\"height:60px\" aria-hidden=\"true\" class=\"wp-block-spacer\"><\/div>\n\n\n\n<div style=\"height:60px\" aria-hidden=\"true\" class=\"wp-block-spacer\"><\/div>\n\n\n\n<p class=\"has-medium-font-size\">F\u00fcr Unterst\u00fctzung, Korrekturen und Bildmaterial bedanke ich mich sehr herzlich bei Robert Ciza und Martin Schulz.<\/p>\n\n\n\n<h2 class=\"wp-block-heading has-text-align-right autor\">Wolfgang Hermesmeier <br>Berlin, 28. Juli 2024<\/h2>\n\n\n\n<div style=\"height:100px\" aria-hidden=\"true\" class=\"wp-block-spacer\"><\/div>\n\n\n\n<div class=\"wp-block-group is-layout-flow wp-block-group-is-layout-flow\">\n<div class=\"isbnissn\">\u2039ISBN 3-361-00145-5\u203a <i>resp.<\/i> \u2039ISBN 3-598-07258-9\u203a<\/div>\n\n\n\n<p class=\"literaturverzeichnis has-medium-font-size\" id=\"lit-plaul\"><span class=\"harvard\"><a href=\"#ref-plaul\">Plaul<\/a><\/span> Hainer Plaul: Illustrierte Karl May Bibliographie \u00b7 Unter Mitwirkung von Gerhard Klu\u00dfmeier. Leipzig, Edition Leipzig, (1988). <i>resp.<\/i> M\u00fcnchen\u2014London\u2014New York\u2014Paris, K[laus] G[erhard] Saur, 1989.<\/p>\n<\/div>\n","protected":false},"excerpt":{"rendered":"<p>Die epochemachende &#8222;Illustrierte Karl May-Bibliographie&#8220; von Hainer Plaul, bis heute ein Standardwerk, erschien vor 35 Jahren. Seither ist vieles neu entdeckt worden, das hier in einer \u00dcbersicht zusammengefasst werden soll.<\/p>\n","protected":false},"author":1,"featured_media":2566,"comment_status":"open","ping_status":"open","sticky":false,"template":"","format":"standard","meta":{"colormag_page_container_layout":"default_layout","colormag_page_sidebar_layout":"default_layout","ngg_post_thumbnail":0,"footnotes":""},"categories":[267,5],"tags":[16,59],"ppma_author":[276],"class_list":["post-6267","post","type-post","status-publish","format-standard","has-post-thumbnail","hentry","category-bibliografie","category-ergaenzungen","tag-bibliografie","tag-sekundaerliteratur"],"yoast_head":"<!-- This site is optimized with the Yoast SEO plugin v27.4 - https:\/\/yoast.com\/product\/yoast-seo-wordpress\/ -->\n<title>Bibliografische Nachtr\u00e4ge (5) - Wolfgang Hermesmeier<\/title>\n<meta name=\"description\" content=\"EIne Auflistung dessen, was Hainer Plaul 1988 noch nicht kannte, als er seine epochemachende Bibliographie ver\u00f6ffentlichte. Work in progress ...\" \/>\n<meta name=\"robots\" content=\"index, follow, max-snippet:-1, max-image-preview:large, max-video-preview:-1\" \/>\n<link rel=\"canonical\" href=\"https:\/\/www.karl-may.berlin\/wordpress\/archive\/6267\" \/>\n<meta property=\"og:locale\" content=\"de_DE\" \/>\n<meta property=\"og:type\" content=\"article\" \/>\n<meta property=\"og:title\" content=\"Bibliografische Nachtr\u00e4ge (5) - Wolfgang Hermesmeier\" \/>\n<meta property=\"og:description\" content=\"EIne Auflistung dessen, was Hainer Plaul 1988 noch nicht kannte, als er seine epochemachende Bibliographie ver\u00f6ffentlichte. Work in progress ...\" \/>\n<meta property=\"og:url\" content=\"https:\/\/www.karl-may.berlin\/wordpress\/archive\/6267\" \/>\n<meta property=\"og:site_name\" content=\"Wolfgang Hermesmeier\" \/>\n<meta property=\"article:published_time\" content=\"2024-07-25T22:20:23+00:00\" \/>\n<meta property=\"article:modified_time\" content=\"2025-12-11T23:14:42+00:00\" \/>\n<meta property=\"og:image\" content=\"https:\/\/www.karl-may.berlin\/wordpress\/wp-content\/uploads\/2022\/05\/2528-hero.jpg\" \/>\n\t<meta property=\"og:image:width\" content=\"768\" \/>\n\t<meta property=\"og:image:height\" content=\"427\" \/>\n\t<meta property=\"og:image:type\" content=\"image\/jpeg\" \/>\n<meta name=\"author\" content=\"Wolfgang Hermesmeier\" \/>\n<meta name=\"twitter:card\" content=\"summary_large_image\" \/>\n<meta name=\"twitter:label1\" content=\"Verfasst von\" \/>\n\t<meta name=\"twitter:data1\" content=\"Wolfgang Hermesmeier\" \/>\n\t<meta name=\"twitter:label2\" content=\"Gesch\u00e4tzte Lesezeit\" \/>\n\t<meta name=\"twitter:data2\" content=\"49\u00a0Minuten\" \/>\n<script type=\"application\/ld+json\" class=\"yoast-schema-graph\">{\"@context\":\"https:\\\/\\\/schema.org\",\"@graph\":[{\"@type\":\"Article\",\"@id\":\"https:\\\/\\\/www.karl-may.berlin\\\/wordpress\\\/archive\\\/6267#article\",\"isPartOf\":{\"@id\":\"https:\\\/\\\/www.karl-may.berlin\\\/wordpress\\\/archive\\\/6267\"},\"author\":{\"name\":\"Wolfgang Hermesmeier\",\"@id\":\"https:\\\/\\\/www.karl-may.berlin\\\/wordpress\\\/#\\\/schema\\\/person\\\/eb7f60fd5b11e6c06a447706280d28a3\"},\"headline\":\"Bibliografische Nachtr\u00e4ge (5)\",\"datePublished\":\"2024-07-25T22:20:23+00:00\",\"dateModified\":\"2025-12-11T23:14:42+00:00\",\"mainEntityOfPage\":{\"@id\":\"https:\\\/\\\/www.karl-may.berlin\\\/wordpress\\\/archive\\\/6267\"},\"wordCount\":5347,\"commentCount\":0,\"publisher\":{\"@id\":\"https:\\\/\\\/www.karl-may.berlin\\\/wordpress\\\/#organization\"},\"image\":{\"@id\":\"https:\\\/\\\/www.karl-may.berlin\\\/wordpress\\\/archive\\\/6267#primaryimage\"},\"thumbnailUrl\":\"https:\\\/\\\/www.karl-may.berlin\\\/wordpress\\\/wp-content\\\/uploads\\\/2022\\\/05\\\/2528-hero.jpg\",\"keywords\":[\"Bibliografie\",\"Sekund\u00e4rliteratur\"],\"articleSection\":[\"Bibliografie\",\"Erg\u00e4nzungen\"],\"inLanguage\":\"de\",\"potentialAction\":[{\"@type\":\"CommentAction\",\"name\":\"Comment\",\"target\":[\"https:\\\/\\\/www.karl-may.berlin\\\/wordpress\\\/archive\\\/6267#respond\"]}]},{\"@type\":\"WebPage\",\"@id\":\"https:\\\/\\\/www.karl-may.berlin\\\/wordpress\\\/archive\\\/6267\",\"url\":\"https:\\\/\\\/www.karl-may.berlin\\\/wordpress\\\/archive\\\/6267\",\"name\":\"Bibliografische Nachtr\u00e4ge (5) - Wolfgang Hermesmeier\",\"isPartOf\":{\"@id\":\"https:\\\/\\\/www.karl-may.berlin\\\/wordpress\\\/#website\"},\"primaryImageOfPage\":{\"@id\":\"https:\\\/\\\/www.karl-may.berlin\\\/wordpress\\\/archive\\\/6267#primaryimage\"},\"image\":{\"@id\":\"https:\\\/\\\/www.karl-may.berlin\\\/wordpress\\\/archive\\\/6267#primaryimage\"},\"thumbnailUrl\":\"https:\\\/\\\/www.karl-may.berlin\\\/wordpress\\\/wp-content\\\/uploads\\\/2022\\\/05\\\/2528-hero.jpg\",\"datePublished\":\"2024-07-25T22:20:23+00:00\",\"dateModified\":\"2025-12-11T23:14:42+00:00\",\"description\":\"EIne Auflistung dessen, was Hainer Plaul 1988 noch nicht kannte, als er seine epochemachende Bibliographie ver\u00f6ffentlichte. Work in progress ...\",\"breadcrumb\":{\"@id\":\"https:\\\/\\\/www.karl-may.berlin\\\/wordpress\\\/archive\\\/6267#breadcrumb\"},\"inLanguage\":\"de\",\"potentialAction\":[{\"@type\":\"ReadAction\",\"target\":[\"https:\\\/\\\/www.karl-may.berlin\\\/wordpress\\\/archive\\\/6267\"]}]},{\"@type\":\"ImageObject\",\"inLanguage\":\"de\",\"@id\":\"https:\\\/\\\/www.karl-may.berlin\\\/wordpress\\\/archive\\\/6267#primaryimage\",\"url\":\"https:\\\/\\\/www.karl-may.berlin\\\/wordpress\\\/wp-content\\\/uploads\\\/2022\\\/05\\\/2528-hero.jpg\",\"contentUrl\":\"https:\\\/\\\/www.karl-may.berlin\\\/wordpress\\\/wp-content\\\/uploads\\\/2022\\\/05\\\/2528-hero.jpg\",\"width\":768,\"height\":427,\"caption\":\"Aufmacher\"},{\"@type\":\"BreadcrumbList\",\"@id\":\"https:\\\/\\\/www.karl-may.berlin\\\/wordpress\\\/archive\\\/6267#breadcrumb\",\"itemListElement\":[{\"@type\":\"ListItem\",\"position\":1,\"name\":\"Startseite\",\"item\":\"https:\\\/\\\/www.karl-may.berlin\\\/wordpress\"},{\"@type\":\"ListItem\",\"position\":2,\"name\":\"Bibliografische Nachtr\u00e4ge (5)\"}]},{\"@type\":\"WebSite\",\"@id\":\"https:\\\/\\\/www.karl-may.berlin\\\/wordpress\\\/#website\",\"url\":\"https:\\\/\\\/www.karl-may.berlin\\\/wordpress\\\/\",\"name\":\"Wolfgang Hermesmeier\",\"description\":\"Notizen eines B\u00fccherwurms aus der Karl-May-Welt\",\"publisher\":{\"@id\":\"https:\\\/\\\/www.karl-may.berlin\\\/wordpress\\\/#organization\"},\"potentialAction\":[{\"@type\":\"SearchAction\",\"target\":{\"@type\":\"EntryPoint\",\"urlTemplate\":\"https:\\\/\\\/www.karl-may.berlin\\\/wordpress\\\/?s={search_term_string}\"},\"query-input\":{\"@type\":\"PropertyValueSpecification\",\"valueRequired\":true,\"valueName\":\"search_term_string\"}}],\"inLanguage\":\"de\"},{\"@type\":\"Organization\",\"@id\":\"https:\\\/\\\/www.karl-may.berlin\\\/wordpress\\\/#organization\",\"name\":\"Wolfgang Hermesmeier\",\"url\":\"https:\\\/\\\/www.karl-may.berlin\\\/wordpress\\\/\",\"logo\":{\"@type\":\"ImageObject\",\"inLanguage\":\"de\",\"@id\":\"https:\\\/\\\/www.karl-may.berlin\\\/wordpress\\\/#\\\/schema\\\/logo\\\/image\\\/\",\"url\":\"https:\\\/\\\/www.karl-may.berlin\\\/wordpress\\\/wp-content\\\/uploads\\\/2021\\\/03\\\/0000_logo.jpg\",\"contentUrl\":\"https:\\\/\\\/www.karl-may.berlin\\\/wordpress\\\/wp-content\\\/uploads\\\/2021\\\/03\\\/0000_logo.jpg\",\"width\":150,\"height\":150,\"caption\":\"Wolfgang Hermesmeier\"},\"image\":{\"@id\":\"https:\\\/\\\/www.karl-may.berlin\\\/wordpress\\\/#\\\/schema\\\/logo\\\/image\\\/\"}},{\"@type\":\"Person\",\"@id\":\"https:\\\/\\\/www.karl-may.berlin\\\/wordpress\\\/#\\\/schema\\\/person\\\/eb7f60fd5b11e6c06a447706280d28a3\",\"name\":\"Wolfgang Hermesmeier\",\"sameAs\":[\"https:\\\/\\\/www.karl-may.berlin\\\/wordpress\"],\"url\":\"https:\\\/\\\/www.karl-may.berlin\\\/wordpress\\\/archive\\\/author\\\/hermesmeier\"}]}<\/script>\n<!-- \/ Yoast SEO plugin. -->","yoast_head_json":{"title":"Bibliografische Nachtr\u00e4ge (5) - Wolfgang Hermesmeier","description":"EIne Auflistung dessen, was Hainer Plaul 1988 noch nicht kannte, als er seine epochemachende Bibliographie ver\u00f6ffentlichte. Work in progress ...","robots":{"index":"index","follow":"follow","max-snippet":"max-snippet:-1","max-image-preview":"max-image-preview:large","max-video-preview":"max-video-preview:-1"},"canonical":"https:\/\/www.karl-may.berlin\/wordpress\/archive\/6267","og_locale":"de_DE","og_type":"article","og_title":"Bibliografische Nachtr\u00e4ge (5) - Wolfgang Hermesmeier","og_description":"EIne Auflistung dessen, was Hainer Plaul 1988 noch nicht kannte, als er seine epochemachende Bibliographie ver\u00f6ffentlichte. Work in progress ...","og_url":"https:\/\/www.karl-may.berlin\/wordpress\/archive\/6267","og_site_name":"Wolfgang Hermesmeier","article_published_time":"2024-07-25T22:20:23+00:00","article_modified_time":"2025-12-11T23:14:42+00:00","og_image":[{"width":768,"height":427,"url":"https:\/\/www.karl-may.berlin\/wordpress\/wp-content\/uploads\/2022\/05\/2528-hero.jpg","type":"image\/jpeg"}],"author":"Wolfgang Hermesmeier","twitter_card":"summary_large_image","twitter_misc":{"Verfasst von":"Wolfgang Hermesmeier","Gesch\u00e4tzte Lesezeit":"49\u00a0Minuten"},"schema":{"@context":"https:\/\/schema.org","@graph":[{"@type":"Article","@id":"https:\/\/www.karl-may.berlin\/wordpress\/archive\/6267#article","isPartOf":{"@id":"https:\/\/www.karl-may.berlin\/wordpress\/archive\/6267"},"author":{"name":"Wolfgang Hermesmeier","@id":"https:\/\/www.karl-may.berlin\/wordpress\/#\/schema\/person\/eb7f60fd5b11e6c06a447706280d28a3"},"headline":"Bibliografische Nachtr\u00e4ge (5)","datePublished":"2024-07-25T22:20:23+00:00","dateModified":"2025-12-11T23:14:42+00:00","mainEntityOfPage":{"@id":"https:\/\/www.karl-may.berlin\/wordpress\/archive\/6267"},"wordCount":5347,"commentCount":0,"publisher":{"@id":"https:\/\/www.karl-may.berlin\/wordpress\/#organization"},"image":{"@id":"https:\/\/www.karl-may.berlin\/wordpress\/archive\/6267#primaryimage"},"thumbnailUrl":"https:\/\/www.karl-may.berlin\/wordpress\/wp-content\/uploads\/2022\/05\/2528-hero.jpg","keywords":["Bibliografie","Sekund\u00e4rliteratur"],"articleSection":["Bibliografie","Erg\u00e4nzungen"],"inLanguage":"de","potentialAction":[{"@type":"CommentAction","name":"Comment","target":["https:\/\/www.karl-may.berlin\/wordpress\/archive\/6267#respond"]}]},{"@type":"WebPage","@id":"https:\/\/www.karl-may.berlin\/wordpress\/archive\/6267","url":"https:\/\/www.karl-may.berlin\/wordpress\/archive\/6267","name":"Bibliografische Nachtr\u00e4ge (5) - Wolfgang Hermesmeier","isPartOf":{"@id":"https:\/\/www.karl-may.berlin\/wordpress\/#website"},"primaryImageOfPage":{"@id":"https:\/\/www.karl-may.berlin\/wordpress\/archive\/6267#primaryimage"},"image":{"@id":"https:\/\/www.karl-may.berlin\/wordpress\/archive\/6267#primaryimage"},"thumbnailUrl":"https:\/\/www.karl-may.berlin\/wordpress\/wp-content\/uploads\/2022\/05\/2528-hero.jpg","datePublished":"2024-07-25T22:20:23+00:00","dateModified":"2025-12-11T23:14:42+00:00","description":"EIne Auflistung dessen, was Hainer Plaul 1988 noch nicht kannte, als er seine epochemachende Bibliographie ver\u00f6ffentlichte. Work in progress ...","breadcrumb":{"@id":"https:\/\/www.karl-may.berlin\/wordpress\/archive\/6267#breadcrumb"},"inLanguage":"de","potentialAction":[{"@type":"ReadAction","target":["https:\/\/www.karl-may.berlin\/wordpress\/archive\/6267"]}]},{"@type":"ImageObject","inLanguage":"de","@id":"https:\/\/www.karl-may.berlin\/wordpress\/archive\/6267#primaryimage","url":"https:\/\/www.karl-may.berlin\/wordpress\/wp-content\/uploads\/2022\/05\/2528-hero.jpg","contentUrl":"https:\/\/www.karl-may.berlin\/wordpress\/wp-content\/uploads\/2022\/05\/2528-hero.jpg","width":768,"height":427,"caption":"Aufmacher"},{"@type":"BreadcrumbList","@id":"https:\/\/www.karl-may.berlin\/wordpress\/archive\/6267#breadcrumb","itemListElement":[{"@type":"ListItem","position":1,"name":"Startseite","item":"https:\/\/www.karl-may.berlin\/wordpress"},{"@type":"ListItem","position":2,"name":"Bibliografische Nachtr\u00e4ge (5)"}]},{"@type":"WebSite","@id":"https:\/\/www.karl-may.berlin\/wordpress\/#website","url":"https:\/\/www.karl-may.berlin\/wordpress\/","name":"Wolfgang Hermesmeier","description":"Notizen eines B\u00fccherwurms aus der Karl-May-Welt","publisher":{"@id":"https:\/\/www.karl-may.berlin\/wordpress\/#organization"},"potentialAction":[{"@type":"SearchAction","target":{"@type":"EntryPoint","urlTemplate":"https:\/\/www.karl-may.berlin\/wordpress\/?s={search_term_string}"},"query-input":{"@type":"PropertyValueSpecification","valueRequired":true,"valueName":"search_term_string"}}],"inLanguage":"de"},{"@type":"Organization","@id":"https:\/\/www.karl-may.berlin\/wordpress\/#organization","name":"Wolfgang Hermesmeier","url":"https:\/\/www.karl-may.berlin\/wordpress\/","logo":{"@type":"ImageObject","inLanguage":"de","@id":"https:\/\/www.karl-may.berlin\/wordpress\/#\/schema\/logo\/image\/","url":"https:\/\/www.karl-may.berlin\/wordpress\/wp-content\/uploads\/2021\/03\/0000_logo.jpg","contentUrl":"https:\/\/www.karl-may.berlin\/wordpress\/wp-content\/uploads\/2021\/03\/0000_logo.jpg","width":150,"height":150,"caption":"Wolfgang Hermesmeier"},"image":{"@id":"https:\/\/www.karl-may.berlin\/wordpress\/#\/schema\/logo\/image\/"}},{"@type":"Person","@id":"https:\/\/www.karl-may.berlin\/wordpress\/#\/schema\/person\/eb7f60fd5b11e6c06a447706280d28a3","name":"Wolfgang Hermesmeier","sameAs":["https:\/\/www.karl-may.berlin\/wordpress"],"url":"https:\/\/www.karl-may.berlin\/wordpress\/archive\/author\/hermesmeier"}]}},"authors":[{"term_id":276,"user_id":1,"is_guest":0,"slug":"hermesmeier","display_name":"Wolfgang Hermesmeier","avatar_url":"https:\/\/secure.gravatar.com\/avatar\/a0611bdef3b5c07bf7bdbaf445ae12dd061cf91d0da8908d19a5e2cfc132d694?s=96&d=mm&r=g","0":null,"1":"","2":"","3":"","4":"","5":"","6":"","7":"","8":""}],"_links":{"self":[{"href":"https:\/\/www.karl-may.berlin\/wordpress\/wp-json\/wp\/v2\/posts\/6267","targetHints":{"allow":["GET"]}}],"collection":[{"href":"https:\/\/www.karl-may.berlin\/wordpress\/wp-json\/wp\/v2\/posts"}],"about":[{"href":"https:\/\/www.karl-may.berlin\/wordpress\/wp-json\/wp\/v2\/types\/post"}],"author":[{"embeddable":true,"href":"https:\/\/www.karl-may.berlin\/wordpress\/wp-json\/wp\/v2\/users\/1"}],"replies":[{"embeddable":true,"href":"https:\/\/www.karl-may.berlin\/wordpress\/wp-json\/wp\/v2\/comments?post=6267"}],"version-history":[{"count":0,"href":"https:\/\/www.karl-may.berlin\/wordpress\/wp-json\/wp\/v2\/posts\/6267\/revisions"}],"wp:featuredmedia":[{"embeddable":true,"href":"https:\/\/www.karl-may.berlin\/wordpress\/wp-json\/wp\/v2\/media\/2566"}],"wp:attachment":[{"href":"https:\/\/www.karl-may.berlin\/wordpress\/wp-json\/wp\/v2\/media?parent=6267"}],"wp:term":[{"taxonomy":"category","embeddable":true,"href":"https:\/\/www.karl-may.berlin\/wordpress\/wp-json\/wp\/v2\/categories?post=6267"},{"taxonomy":"post_tag","embeddable":true,"href":"https:\/\/www.karl-may.berlin\/wordpress\/wp-json\/wp\/v2\/tags?post=6267"},{"taxonomy":"author","embeddable":true,"href":"https:\/\/www.karl-may.berlin\/wordpress\/wp-json\/wp\/v2\/ppma_author?post=6267"}],"curies":[{"name":"wp","href":"https:\/\/api.w.org\/{rel}","templated":true}]}}